{"id":64776,"date":"2011-02-22T00:00:00","date_gmt":"2011-02-21T23:00:00","guid":{"rendered":"http:\/\/www.cronacaonline.it\/public\/content\/index.php\/2011\/02\/22\/commissione-agricoltura-istituzione-dellelenco-regionale-dei-fornitori-delle-aziende-agrituristiche\/"},"modified":"2011-02-22T00:00:00","modified_gmt":"2011-02-21T23:00:00","slug":"commissione-agricoltura-istituzione-dellelenco-regionale-dei-fornitori-delle-aziende-agrituristiche","status":"publish","type":"post","link":"https:\/\/www.cronacaonline.it\/index.php\/2011\/02\/22\/commissione-agricoltura-istituzione-dellelenco-regionale-dei-fornitori-delle-aziende-agrituristiche\/","title":{"rendered":"Commissione Agricoltura &#8211; Istituzione dell&#8217;Elenco regionale dei fornitori delle aziende agrituristiche."},"content":{"rendered":"<p>Nel corso della seduta della Quinta commissione del Consiglio regionale (Agricoltura), tenutasi questa mattina, sono state approvate le modifiche alle norme di attuazione che istituiscono e regolano l'accesso delle imprese all'Elenco regionale dei fornitori delle aziende agrituristiche. <\/p>\n<\/p>\n<p>La novit\u00e0, giunta ad un anno dall'approvazione della legge regionale 1 del 2010 (Norme per la promozione della qualit\u00e0 dei prodotti della Sardegna, della concorrenza e della tutela ambientale), impone alle aziende sarde di approvvigionarsi, per ci\u00f2 che non producono direttamente, esclusivamente dai fornitori iscritti all'Albo e consentir\u00e0 a imprenditori e consumatori una garanzia sulla certificazione dei prodotti. <\/p>\n<\/p>\n<p>L'elenco, articolato in diverse sezioni (paste fresche e prodotti di panetteria; carni e frattaglie fresche e loro preparazioni; preparazioni di pesci e prodotti ittici; prodotti vegetali allo stato naturale o trasformati; prodotti di origine animale), sar\u00e0 istituito e gestito dall'Agenzia Laore Sardegna, la quale dovr\u00e0 indire un bando per l'iscrizione delle aziende ogni sei mesi a partire dal 15 marzo prossimo. Non sono escluse nemmeno le bevande alcoliche e analcoliche, i distillati, i liquori e i condimenti. Tutti dovranno essere non solo prodotti con materie prime esclusivamente locali, salvo una deroga prevista per i prodotti secondari e non reperibili nell\u2019isola, ma anche trasformati e lavorati in Sardegna. Soltanto le imprese che avranno tutte le certificazioni e che saranno sottoposte a sopralluoghi per la verifica dei requisiti necessari, saranno inserite nell'albo dei fornitori. <\/p>\n<\/p>\n<p>\"La Sardegna \u00e8 la prima regione in Italia a dotarsi di una normativa cos\u00ec importante \u2013 ha sottolineato il presidente della Commissione, Mariano Contu (Pdl) \u2013 e questo dar\u00e0 una grande opportunit\u00e0 di sviluppo delle produzioni agricole e zootecniche e delle relative trasformazioni gi\u00e0 a partire dalla prossima stagione estiva\". <\/p>\n<\/p>\n<p>\"Oltre a fornire importanti garanzie per imprese e consumatori nella filiera alimentare \u2013 ha spiegato Contu \u2013 questa norma servir\u00e0 da volano per il mercato sardo e consentir\u00e0 un forte incentivo per le imprese di trasformazione dei prodotti locali, oltre a contribuire alla pubblicit\u00e0 sui prodotti tipici dell\u2019isola attraverso i flussi turistici che gravitano attorno al sistema delle aziende agrituristiche\". Red.<\/p>\n","protected":false},"excerpt":{"rendered":"<p>Nel corso della seduta della Quinta commissione del Consiglio regionale (Agricoltura), tenutasi questa mattina, sono state approvate le modifiche alle norme di attuazione che istituiscono&#8230;<\/p>\n","protected":false},"author":2,"featured_media":0,"comment_status":"closed","ping_status":"closed","sticky":false,"template":"","format":"standard","meta":[],"categories":[49],"tags":[],"_links":{"self":[{"href":"https:\/\/www.cronacaonline.it\/index.php\/wp-json\/wp\/v2\/posts\/64776"}],"collection":[{"href":"https:\/\/www.cronacaonline.it\/index.php\/wp-json\/wp\/v2\/posts"}],"about":[{"href":"https:\/\/www.cronacaonline.it\/index.php\/wp-json\/wp\/v2\/types\/post"}],"author":[{"embeddable":true,"href":"https:\/\/www.cronacaonline.it\/index.php\/wp-json\/wp\/v2\/users\/2"}],"replies":[{"embeddable":true,"href":"https:\/\/www.cronacaonline.it\/index.php\/wp-json\/wp\/v2\/comments?post=64776"}],"version-history":[{"count":0,"href":"https:\/\/www.cronacaonline.it\/index.php\/wp-json\/wp\/v2\/posts\/64776\/revisions"}],"wp:attachment":[{"href":"https:\/\/www.cronacaonline.it\/index.php\/wp-json\/wp\/v2\/media?parent=64776"}],"wp:term":[{"taxonomy":"category","embeddable":true,"href":"https:\/\/www.cronacaonline.it\/index.php\/wp-json\/wp\/v2\/categories?post=64776"},{"taxonomy":"post_tag","embeddable":true,"href":"https:\/\/www.cronacaonline.it\/index.php\/wp-json\/wp\/v2\/tags?post=64776"}],"curies":[{"name":"wp","href":"https:\/\/api.w.org\/{rel}","templated":true}]}}