{"id":64762,"date":"2011-02-03T00:00:00","date_gmt":"2011-02-02T23:00:00","guid":{"rendered":"http:\/\/www.cronacaonline.it\/public\/content\/index.php\/2011\/02\/03\/decreto-federalismo-comunale-sorprese-per-le-imprese-limu-nuovo-balzello\/"},"modified":"2011-02-03T00:00:00","modified_gmt":"2011-02-02T23:00:00","slug":"decreto-federalismo-comunale-sorprese-per-le-imprese-limu-nuovo-balzello","status":"publish","type":"post","link":"https:\/\/www.cronacaonline.it\/index.php\/2011\/02\/03\/decreto-federalismo-comunale-sorprese-per-le-imprese-limu-nuovo-balzello\/","title":{"rendered":"Decreto Federalismo Comunale, sorprese per le imprese: l\u2019IMU nuovo \u201cbalzello\u201d."},"content":{"rendered":"<p><SPAN style=\"LINE-HEIGHT: 115%; FONT-FAMILY: 'Verdana', 'sans-serif'; COLOR: black; FONT-SIZE: 12pt; mso-fareast-language: IT\">Ogni giorno che passa la bozza sul federalismo municipale presenta nuove \u201csorprese\u201d per le imprese.<\/SPAN><\/p>\n<p><SPAN style=\"LINE-HEIGHT: 115%; FONT-FAMILY: 'Verdana', 'sans-serif'; COLOR: black; FONT-SIZE: 12pt; mso-fareast-language: IT\">L\u2019ultima \u201cchicca\u201d riguarda l\u2019IMU, l\u2019imposta che sostituir\u00e0 l\u2019ICI, che nell\u2019ultima formulazione viene fissata al 7,6 per mille per gli immobili strumentali, quelli cio\u00e8 che sono utilizzati esclusivamente per l\u2019esercizio di attivit\u00e0 d\u2019impresa.<\/SPAN><\/p>\n<p><SPAN style=\"LINE-HEIGHT: 115%; FONT-FAMILY: 'Verdana', 'sans-serif'; COLOR: black; FONT-SIZE: 12pt; mso-fareast-language: IT\">Essendo attualmente l\u2019aliquota media dell\u2019ICI al 6,4 per mille, le imprese si troveranno di fronte ad un incremento del 18,75%.<\/SPAN><\/p>\n<p><SPAN style=\"LINE-HEIGHT: 115%; FONT-FAMILY: 'Verdana', 'sans-serif'; COLOR: black; FONT-SIZE: 12pt; mso-fareast-language: IT\">\u201cUn salasso \u2013 interviene il Presidente di Confindustria Sardegna&nbsp;Massimo Putzu&nbsp;\u2013 che colpir\u00e0 tutte le imprese e che, nella realt\u00e0 potrebbe anche rivelarsi pi\u00f9 aspro a seconda del livello dell\u2019ICI nei diversi comuni e delle condizioni delle loro finanze\u201d.<\/SPAN><\/p>\n<p><SPAN style=\"LINE-HEIGHT: 115%; FONT-FAMILY: 'Verdana', 'sans-serif'; COLOR: black; FONT-SIZE: 12pt; mso-fareast-language: IT\">\u201cAppare ormai chiaro che questo cosiddetto federalismo verr\u00e0 costruito ponendo a carico delle imprese le inefficienze della pubblica amministrazione, e a poco servir\u00e0 la previsione di sconti articolabili in base alle diverse tipologie d\u2019impresa previsti dalla bozza di decreto. Se infatti i conti locali non saranno in ordine a pagarne le spese saranno le imprese che verranno spremute come limoni, giacch\u00e9 la previsione attuale del decreto rende possibile ai comuni aumentare l\u2019imposta di un 3 per mille\u201d.<\/SPAN><\/p>\n<p><SPAN style=\"LINE-HEIGHT: 115%; FONT-FAMILY: 'Verdana', 'sans-serif'; COLOR: black; FONT-SIZE: 12pt; mso-fareast-language: IT\">\u201cCome Confindustria Sardegna esprimiamo la nostra totale contrariet\u00e0 a questo nuovo balzello che avr\u00e0 come effetto immediato un innalzamento dei costi per l\u2019impresa, soprattutto se dovesse essere confermata l\u2019indeducibilit\u00e0 dall\u2019IRES e dall\u2019IRAP. Il federalismo fiscale dovrebbe servire a sostenere l\u2019impresa, non a ucciderla caricandola di nuovi oneri\u201d.<\/SPAN><\/p>\n<p><SPAN style=\"LINE-HEIGHT: 115%; FONT-FAMILY: 'Verdana', 'sans-serif'; COLOR: black; FONT-SIZE: 12pt; mso-fareast-language: IT\">\u201cCi saranno peraltro dei settori che risentiranno pi\u00f9 di altri di questo nuovo \u201cregalo\u201d \u2013 ha proseguito il leader degli industriali sardi \u2013 penso all\u2019industria turistica che, dopo la tassa di soggiorno, si trover\u00e0 a dover far fronte all\u2019IMU. Si pensi soltanto che un albergo di medie dimensioni che attualmente paga 60.000 euro di ICI si trover\u00e0 a dover versare oltre 71.000 euro! Un vero salasso!\u201d.<\/SPAN><\/p>\n<p><SPAN style=\"LINE-HEIGHT: 115%; FONT-FAMILY: 'Verdana', 'sans-serif'; COLOR: black; FONT-SIZE: 12pt; mso-fareast-language: IT\">\u201cAl di l\u00e0 delle dichiarazioni ufficiali, ci piacerebbe capire se la partita del federalismo fiscale, di fondamentale importanza per il futuro della nostra regione, viene seguita con l\u2019indispensabile attenzione e cosa si sta facendo nel concreto per impedire che questo decreto passi in una formulazione che dannegger\u00e0 l\u2019intero sistema produttivo regionale\u201d.<\/SPAN><\/p>\n<p><SPAN style=\"LINE-HEIGHT: 115%; FONT-FAMILY: 'Verdana', 'sans-serif'; COLOR: black; FONT-SIZE: 12pt; mso-fareast-language: IT\">\u201cCome imprese chiediamo che&nbsp;la Regione&nbsp;Sardegna si opponga con ogni mezzo ed ogni livello ad un provvedimento iniquo e vessatorio\u201d ha concluso&nbsp;Massimo Putzu.<\/SPAN><SPAN style=\"LINE-HEIGHT: 115%; FONT-FAMILY: 'Verdana', 'sans-serif'; COLOR: black; FONT-SIZE: 12pt; mso-bidi-font-family: Arial; mso-fareast-language: IT\">&nbsp;Red-com<\/SPAN><SPAN style=\"LINE-HEIGHT: 115%; FONT-FAMILY: 'Verdana', 'sans-serif'; COLOR: black; FONT-SIZE: 12pt; mso-fareast-language: IT\"><\/SPAN><\/p>\n","protected":false},"excerpt":{"rendered":"<p>Ogni giorno che passa la bozza sul federalismo municipale presenta nuove \u201csorprese\u201d per le imprese. L\u2019ultima \u201cchicca\u201d riguarda l\u2019IMU, l\u2019imposta che sostituir\u00e0 l\u2019ICI, che nell\u2019ultima&#8230;<\/p>\n","protected":false},"author":2,"featured_media":0,"comment_status":"closed","ping_status":"closed","sticky":false,"template":"","format":"standard","meta":[],"categories":[49],"tags":[],"_links":{"self":[{"href":"https:\/\/www.cronacaonline.it\/index.php\/wp-json\/wp\/v2\/posts\/64762"}],"collection":[{"href":"https:\/\/www.cronacaonline.it\/index.php\/wp-json\/wp\/v2\/posts"}],"about":[{"href":"https:\/\/www.cronacaonline.it\/index.php\/wp-json\/wp\/v2\/types\/post"}],"author":[{"embeddable":true,"href":"https:\/\/www.cronacaonline.it\/index.php\/wp-json\/wp\/v2\/users\/2"}],"replies":[{"embeddable":true,"href":"https:\/\/www.cronacaonline.it\/index.php\/wp-json\/wp\/v2\/comments?post=64762"}],"version-history":[{"count":0,"href":"https:\/\/www.cronacaonline.it\/index.php\/wp-json\/wp\/v2\/posts\/64762\/revisions"}],"wp:attachment":[{"href":"https:\/\/www.cronacaonline.it\/index.php\/wp-json\/wp\/v2\/media?parent=64762"}],"wp:term":[{"taxonomy":"category","embeddable":true,"href":"https:\/\/www.cronacaonline.it\/index.php\/wp-json\/wp\/v2\/categories?post=64762"},{"taxonomy":"post_tag","embeddable":true,"href":"https:\/\/www.cronacaonline.it\/index.php\/wp-json\/wp\/v2\/tags?post=64762"}],"curies":[{"name":"wp","href":"https:\/\/api.w.org\/{rel}","templated":true}]}}