{"id":64627,"date":"2011-02-17T00:00:00","date_gmt":"2011-02-16T23:00:00","guid":{"rendered":"http:\/\/www.cronacaonline.it\/public\/content\/index.php\/2011\/02\/17\/a-rischio-il-gruppo-di-fli-al-senato-fini-perde-i-pezzi\/"},"modified":"2011-02-17T00:00:00","modified_gmt":"2011-02-16T23:00:00","slug":"a-rischio-il-gruppo-di-fli-al-senato-fini-perde-i-pezzi","status":"publish","type":"post","link":"https:\/\/www.cronacaonline.it\/index.php\/2011\/02\/17\/a-rischio-il-gruppo-di-fli-al-senato-fini-perde-i-pezzi\/","title":{"rendered":"A rischio il gruppo di Fli al Senato: Fini perde i pezzi"},"content":{"rendered":"<p>\"Sappiamo che il nostro \u00e8 un progetto ambizioso e quindi difficile. Ma soprattutto sappiamo che va spiegato agli elettori pi\u00f9 che agli eletti. Ne consegue che \u00e8 nella societ\u00e0 che Futuro e Libert\u00e0 dovr\u00e0 sviluppare le sue iniziative, tessere la sua rete, organizzare i suoi consensi. E solo quando si apriranno le urne, accada tra poche settimane o tra due anni, sapremo se avremo vinto la nostra battaglia\". Lo afferma il leader di Fli, Gianfranco Fini, in un intervento che verr\u00e0 pubblicato domani su Il Secolo<\/p>\n<p>\"Fin d'ora -sottolinea il presidente della Camera- sappiamo che vale la pena di provarci con tutto l'entusiasmo, la passione, l'impegno civile dei tanti che ci invitano, senza preoccuparsi degli organigrammi, ad andare avanti. Cosa che dopo Milano faremo ancor piu'convintamente\".<\/p>\n<p>La difficolta' di Fli e la ritrovata baldanza dei gerarchi del PdL sono fenomeni tutti interni al ceto politico, sentimenti di chi teme per il proprio status di ministro o di parlamentare o di chi aspira a divenire sindaco, assessore o per lo meno consigliere comunale\".Ci riconosciamo e intendiamo agire nell'ambito dei valori e della cultura politica del centrodestra, senza alcuna ambiguita' ne' tantomeno senza derive estremiste o sinistrorse\".<\/p>\n","protected":false},"excerpt":{"rendered":"<p>&#8220;Sappiamo che il nostro \u00e8 un progetto ambizioso e quindi difficile. Ma soprattutto sappiamo che va spiegato agli elettori pi\u00f9 che agli eletti. Ne consegue&#8230;<\/p>\n","protected":false},"author":2,"featured_media":8566,"comment_status":"closed","ping_status":"closed","sticky":false,"template":"","format":"standard","meta":[],"categories":[49],"tags":[],"_links":{"self":[{"href":"https:\/\/www.cronacaonline.it\/index.php\/wp-json\/wp\/v2\/posts\/64627"}],"collection":[{"href":"https:\/\/www.cronacaonline.it\/index.php\/wp-json\/wp\/v2\/posts"}],"about":[{"href":"https:\/\/www.cronacaonline.it\/index.php\/wp-json\/wp\/v2\/types\/post"}],"author":[{"embeddable":true,"href":"https:\/\/www.cronacaonline.it\/index.php\/wp-json\/wp\/v2\/users\/2"}],"replies":[{"embeddable":true,"href":"https:\/\/www.cronacaonline.it\/index.php\/wp-json\/wp\/v2\/comments?post=64627"}],"version-history":[{"count":0,"href":"https:\/\/www.cronacaonline.it\/index.php\/wp-json\/wp\/v2\/posts\/64627\/revisions"}],"wp:featuredmedia":[{"embeddable":true,"href":"https:\/\/www.cronacaonline.it\/index.php\/wp-json\/"}],"wp:attachment":[{"href":"https:\/\/www.cronacaonline.it\/index.php\/wp-json\/wp\/v2\/media?parent=64627"}],"wp:term":[{"taxonomy":"category","embeddable":true,"href":"https:\/\/www.cronacaonline.it\/index.php\/wp-json\/wp\/v2\/categories?post=64627"},{"taxonomy":"post_tag","embeddable":true,"href":"https:\/\/www.cronacaonline.it\/index.php\/wp-json\/wp\/v2\/tags?post=64627"}],"curies":[{"name":"wp","href":"https:\/\/api.w.org\/{rel}","templated":true}]}}