{"id":64586,"date":"2011-02-01T00:00:00","date_gmt":"2011-01-31T23:00:00","guid":{"rendered":"http:\/\/www.cronacaonline.it\/public\/content\/index.php\/2011\/02\/01\/i-lavori-del-consiglio-discusse-varie-interpellanze-la-seduta-riprendera-alle-1630\/"},"modified":"2011-02-01T00:00:00","modified_gmt":"2011-01-31T23:00:00","slug":"i-lavori-del-consiglio-discusse-varie-interpellanze-la-seduta-riprendera-alle-1630","status":"publish","type":"post","link":"https:\/\/www.cronacaonline.it\/index.php\/2011\/02\/01\/i-lavori-del-consiglio-discusse-varie-interpellanze-la-seduta-riprendera-alle-1630\/","title":{"rendered":"I lavori del Consiglio &#8211; Discusse varie interpellanze, la seduta riprender\u00e0 alle 16.30."},"content":{"rendered":"<p><SPAN style=\"FONT-FAMILY: 'Verdana', 'sans-serif'; mso-bidi-font-family: Verdana\">La seduta del Consiglio regionale quest'oggi si \u00e8 aperta sotto la presidenza del vicepresidente Michele Cossa. All'ordine del giorno interpellanze e proposte di legge.<\/SPAN><\/p>\n<p><SPAN style=\"FONT-FAMILY: 'Verdana', 'sans-serif'; mso-bidi-font-family: Verdana\">La prima interpellanza esaminata, la 182 sulla illegittimit\u00e0 dei concorsi bandita dall'Area, \u00e8 stata illustrata da Capelli (Misto), il quale ha detto che i concorsi banditi dall'Agenzia Area per coprire 26 posti sono illegittimi e pertanto devono essere annullati. <\/SPAN><\/p>\n<p><SPAN style=\"FONT-FAMILY: 'Verdana', 'sans-serif'; mso-bidi-font-family: Verdana\">\"La pianta organica di Area - ha detto Capelli - prevede 180 unit\u00e0. Attualmente i lavoratori a tempo indeterminato sono 176. Quindi, il vuoto di organico \u00e8 di quattro lavoratori e non di 26 come prevede il bando. Inoltre, il Consiglio di amministrazione di Area non ha seguito i procedimenti di mobilit\u00e0 esterna, quindi il Consiglio di amministrazione non ha rispettato la legge\". Per Capelli, inoltre, all'interno dell'agenzia non viene rispettato il principio di meritocrazia e c'\u00e8 caos amministrativo. <\/SPAN><\/p>\n<p><SPAN style=\"FONT-FAMILY: 'Verdana', 'sans-serif'; mso-bidi-font-family: Verdana\">In risposta a ci\u00f2 ha poi preso parola l'assessore regionale agli affari generali, Mario Floris, che ha detto che l'agenzia Area dispone di ampia discrezionalit\u00e0 in materia di bandi e concorsi. L'esponente della giunta ha assicurato la massima vigilanza sottolineando che il 26 gennaio 2011 l'assessorato ha chiesto all'Agenzia tutti gli atti relativi al bando.<\/SPAN><\/p>\n<p><SPAN style=\"FONT-FAMILY: 'Verdana', 'sans-serif'; mso-bidi-font-family: Verdana\">\"Questo assessorato - ha concluso - proceder\u00e0 all'annullamento di tutti gli atti non conformi alle norme\". <\/SPAN><\/p>\n<p><SPAN style=\"FONT-FAMILY: 'Verdana', 'sans-serif'; mso-bidi-font-family: Verdana\">Capelli (Misto), nell'esprimere soddisfazione per la replica dell'assessore, ha affermato: \"Auspico che la giunta vigili anche sui direttori generali che a volte esplicano doppie mansioni\". <\/SPAN><\/p>\n<p><SPAN style=\"FONT-FAMILY: 'Verdana', 'sans-serif'; mso-bidi-font-family: Verdana\">In merito all'interpellanza 137\/a, sulla nomina del direttore generale dell'Assessorato regionale dell'igiene e sanit\u00e0 e dell'assistenza sociale, \u00e8 intervenuto Giacomo Sanna (Psd'az), proponendo di portare il tema alla Commissione d'inchiesta sull'applicazione delle leggi regionali perch\u00e9, ha sostenuto, anche i direttori delle Asl devono avere determinati requisiti.<\/SPAN><\/p>\n<p><SPAN style=\"FONT-FAMILY: 'Verdana', 'sans-serif'; mso-bidi-font-family: Verdana\">Si \u00e8 quindi passati alle interpellanze 22\/a e 90\/a sulla sorte dei beni demaniali in uso al Ministero della difesa e non destinati ad uso istituzionale.<\/SPAN><\/p>\n<p><SPAN style=\"FONT-FAMILY: 'Verdana', 'sans-serif'; mso-bidi-font-family: Verdana\">Giulio Steri (UDC) ha ricordato che nella scorsa legislatura, in attuazione dell'art.14 dello Statuto, furono siglati tre protocolli d'intesa col Ministero: uno per il trasferimento delle Saline di Stato alla Regione, ad oggi non completato da parte della stessa Regione. Il secondo protocollo, collegato al G8, riguardava beni militari da dismettere, anch'esso non attuato. Il terzo, per alcuni beni dello Stato trasferiti alla Regione, insistenti su diverse aree. Ad esempio, l'area dei parcheggi delle Ferrovie dello Stato, ma anche qui, pur in presenza di accordi, non vi \u00e8 stata nessuna attuazione. \"Con queste interpellanze si voleva richiamare l&#8217;attenzione della Giunta - ha sottolineato Steri - sulla necessit\u00e0 di adoperarsi con la massima celerit\u00e0, per completare i protocolli d'intesa ed il trasferimento dei beni\".<\/SPAN><\/p>\n<p><SPAN style=\"FONT-FAMILY: 'Verdana', 'sans-serif'; mso-bidi-font-family: Verdana\">L'interpellanza 116\/a, relativa all'attuazione dell'accordo di programma sottoscritto il 7 marzo 2008 tra la Regione Sardegna, il Ministero della difesa e l'Agenzia del demanio, \u00e8 intervenuto Gianvalerio Sanna (PD): \"Mi rimetto in gran parte all&#8217;illustrazione del collega Steri. Queste interpellanze nascono dopo la divulgazione sulla stampa di ipotesi di alienazione e valorizzazione dei beni immobiliari statali. Noi dobbiamo avere la consapevolezza della nostra autonomia, che merita prese di posizioni puntuali da parte della Giunta regionale\".<\/SPAN><\/p>\n<p><SPAN style=\"FONT-FAMILY: 'Verdana', 'sans-serif'; mso-bidi-font-family: Verdana\">La risposta della Giunta \u00e8 stata affidata all'assessore all'Urbanistica, Nicol\u00f2 Rassu: \"Si tratta di un tema attuale. Sono d'accordo, la sollecitazione dell'aula \u00e8 giustificata. Non vi \u00e8 nessun dubbio: l'assessorato ha la stessa visione del problema. Stiamo approfondendo le questioni di tutti i beni in fase di trasferimento alla Regione, vigilando per evitare azioni in contrasto con lo Statuto e coi protocolli d'intesa\".<\/SPAN><\/p>\n<p><SPAN style=\"FONT-FAMILY: 'Verdana', 'sans-serif'; mso-bidi-font-family: Verdana\">Nella replica Steri (UDC) ha espresso soddisfazione per la risposta della Giunta, che segue con attenzione il problema: \"Rimaniamo in attesa di conoscere l'impegno finanziario necessario a dare attuazione ai protocolli. Segnaliamo che su alcuni beni di Poste e Ferrovie, ci sono gi\u00e0 state dismissioni. Chiediamo alla Regione di fare una verifica di quei beni prima della trasformazione in spa delle due aziende\".<\/SPAN><\/p>\n<p><SPAN style=\"FONT-FAMILY: 'Verdana', 'sans-serif'; mso-bidi-font-family: Verdana\">Anche Gianvalerio Sanna (PD) ha espresso ugualmente soddisfazione per l'intervento della Giunta, \"ma lo saremo di pi\u00f9 se l'assessore terr\u00e0 presente che in anni passati la gestione del demanio ha avuto competenze troppo disperse, con scarsa efficacia delle verifiche\".<\/SPAN><\/p>\n<p><SPAN style=\"FONT-FAMILY: 'Verdana', 'sans-serif'; mso-bidi-font-family: Verdana\">\u00c8 stata quindi discussa l'interpellanza 170\/a, sui gravissimi atti di intimidazione rivolti agli amministratori pubblici in Sardegna.<\/SPAN><\/p>\n<p><SPAN style=\"FONT-FAMILY: 'Verdana', 'sans-serif'; mso-bidi-font-family: Verdana\">Pierluigi Caria (PD) ha affermato che il tema merita attenzione ed un dibattito vero e proprio: \"Chiediamo un&#8217;analisi della criminalit\u00e0 in Sardegna, su quantit\u00e0 e qualit\u00e0. Il Centro studi dell'Universit\u00e0 di Sassari registra numeri impressionanti per gli attentati in Sardegna, non solo nelle zone interne. La Giunta si deve occupare di questa escalation. Non credo ai ministri che vengono a promettere e poi non cambia mai nulla\".<\/SPAN><\/p>\n<p><SPAN style=\"FONT-FAMILY: 'Verdana', 'sans-serif'; mso-bidi-font-family: Verdana\">La risposta della Giunta nella replica di Nicol\u00f2 Rassu, \u00e8 stata: \"Un'interpellanza attualissima, con gli amministratori locali vittime del malessere nell'Isola. Si tratta di un allarme sociale, a causa di atti che offendono i soggetti che ne sono vittime e l'intera comunit\u00e0. Per questo dobbiamo superare le sterili contrapposizioni, trovando insieme le soluzioni contro la violenza. L'impegno della Regione \u00e8 sempre stato massimo. La Regione, ad esempio, ha fatto un'iniziativa per finanziare la formazione dei giovani laureati negli organici della magistratura, incentivando l'attivit\u00e0 in zone a rischio. Anche il Ministro Maroni ha subito risposto alle richieste del presidente Cappellacci, dando il via ad azioni importanti\".<\/SPAN><\/p>\n<p><SPAN style=\"FONT-FAMILY: 'Verdana', 'sans-serif'; mso-bidi-font-family: Verdana\">Pierluigi Caria, nella replica, ha affermato che quando fu presentata l'interpellanza, lo scorso 25 novembre, si pensava che il Presidente della Regione fosse a conoscenza dei primi interventi del Governo, \"ma di concreto non vi \u00e8 nulla. Anzi, sono le stesse dichiarazioni del Ministro a preoccuparci. Per questo stimoliamo nuovamente il presidente Cappellacci ad informarsi su quali atti effettivi si metteranno in campo. Per questo motivo sono insoddisfatto\".<\/SPAN><\/p>\n<p><SPAN style=\"FONT-FAMILY: 'Verdana', 'sans-serif'; COLOR: black; mso-bidi-font-family: Verdana\">La Proposta di legge 11 \"Modifiche all'articolo 2 della legge regionale 21 maggio 2002 9 Agevolazioni contributive alle imprese nel comparto del commercio\" mira a velocizzare l'accesso al credito agevolato da parte delle aziende commerciali operanti in Sardegna dando loro la possibilit\u00e0 di accedere al credito agevolato con la procedura a sportello. Il ripristino della modalit\u00e0 a sportello, in alternativa alla procedura a bando sinora in uso, consente alle imprese sarde di accedere al credito agevolato allorquando si presenta la necessit\u00e0, senza dover attendere i tempi di pubblicazione dei bandi ed affrontare le relative modalit\u00e0 di espletamento. <\/SPAN><SPAN style=\"FONT-FAMILY: 'Verdana', 'sans-serif'; mso-bidi-font-family: Verdana\"><\/SPAN><\/p>\n<p><SPAN style=\"FONT-FAMILY: 'Verdana', 'sans-serif'; mso-bidi-font-family: Verdana\">L'assessore al commercio Luigi Crisponi ha chiesto la sospensione della proposta di legge per consentire un maggior approfondimento, per intervenire in maniera organica su tutta la materia e per aumentare la dotazione finanziaria. <\/SPAN><\/p>\n<p><SPAN style=\"FONT-FAMILY: 'Verdana', 'sans-serif'; mso-bidi-font-family: Verdana\">Tuttavia, dopo la replica di Capelli (Misto) il quale ha obiettato che sarebbe meglio procedere \"perch\u00e9 questa legge interviene in maniere innovativa in materia. Quindi, sarebbe opportuno esaminarla, approvarla e poi in sede di Collegato aumentare le risorse finanziarie\", l'assessore Crisponi ha detto di essere d'accordo nel procedere ed \u00e8 stato approvato il passaggio agli articoli. <\/SPAN><\/p>\n<p><SPAN style=\"FONT-FAMILY: 'Verdana', 'sans-serif'; mso-bidi-font-family: Verdana\">Per quanto concerne l'articolo 1 e sugli emendamenti sono intervenuti Mariano Contu (Pdl), che ha detto che questa norma colma un vuoto normativo e Luciano Uras (La sinistra sarda-Comunisti-Rossomori) il quale ha ribadito: \"E' necessaria una amministrazione pubblica che funzioni meglio e che sappia come destinare le risorse. Noi approveremo questo testo e gli emendamenti che abbiamo presentato. Noi sosterremo questa legge, ma ancora una volta dobbiamo intervenire per correggerla dalla fantasia legislativa della maggioranza\". <\/SPAN><\/p>\n<p><SPAN style=\"FONT-FAMILY: 'Verdana', 'sans-serif'; mso-bidi-font-family: Verdana\">Ha poi preso la parola Alessandra Zedda (PDL) che ha affermato: \"Accogliamo con piacere questa proposta di legge, visto che purtroppo il sistema a bando non ha funzionato, come dimostra il blocco dal 2008. Il sistema a sportello d\u00e0 maggiori garanzie, prevedendo l'utilizzo degli istituti di credito, capillari su tutto il territorio regionale, con procedure snelle in 60 giorni. Rivolgiamo un appello all'assessore, per rilanciare questo settore, reintegrando i fondi, ben oltre i 7 milioni di euro\".<\/SPAN><\/p>\n<p><SPAN style=\"FONT-FAMILY: 'Verdana', 'sans-serif'; mso-bidi-font-family: Verdana\">Giampaolo Diana (PD) ha poi confermato che del tema si era discusso in Commissione, sull'opportunit\u00e0 di questo strumento a bando o a sportello ed ha aggiunto: \"Un tema da riprendere in quest'aula. Se l'amministrazione regionale funzionasse, sarebbe meglio il bando, perch\u00e9 consente una selezione. Lo sportello non garantisce la qualit\u00e0, ma la velocit\u00e0. Comunque, esprimo il voto a favore\".<\/SPAN><\/p>\n<p><SPAN style=\"FONT-FAMILY: 'Verdana', 'sans-serif'; mso-bidi-font-family: Verdana\">Messo in votazione, l'articolo 1 \u00e8 stato approvato. Sono stati quindi discussi gli emendamenti 1 e 3, unificati nel testo dell'emendamento 1.<\/SPAN><\/p>\n<p><SPAN style=\"FONT-FAMILY: 'Verdana', 'sans-serif'; mso-bidi-font-family: Verdana\">Giulio Steri (UDC) ha proposto un emendamento orale formale, che \u00e8 stato accolto dall'aula. La Giunta ha quindi espresso parere favorevole sull'emendamento, che poi \u00e8 stato approvato.<\/SPAN><\/p>\n<p><SPAN style=\"FONT-FAMILY: 'Verdana', 'sans-serif'; mso-bidi-font-family: Verdana\">In merito&#8217;all'emendamento 2, Campus (PdL) ne ha proposto uno orale al comma 4, sul limite minimo di tre anni di attivit\u00e0, inserendo l'eccezione dei casi di premorienza del beneficiario. Anche questo emendamento \u00e8 stato accolto, prima dell'approvazione dell'emendamento 2.<\/SPAN><\/p>\n<p><SPAN style=\"FONT-FAMILY: 'Verdana', 'sans-serif'; mso-bidi-font-family: Verdana\">Si \u00e8 cos\u00ec passati al voto finale sulla proposta di legge, che \u00e8 stata approvata dal Consiglio. I lavori si sono conclusi alle 13.00 e riprenderanno questo pomeriggio alle 16.30.<\/SPAN><\/p>\n<p><SPAN style=\"FONT-FAMILY: 'Verdana', 'sans-serif'; mso-bidi-font-family: Verdana; mso-ansi-language: #0010\" lang=it>&nbsp;<\/SPAN><\/p>\n","protected":false},"excerpt":{"rendered":"<p>La seduta del Consiglio regionale quest&#8217;oggi si \u00e8 aperta sotto la presidenza del vicepresidente Michele Cossa. All&#8217;ordine del giorno interpellanze e proposte di legge. La&#8230;<\/p>\n","protected":false},"author":2,"featured_media":0,"comment_status":"closed","ping_status":"closed","sticky":false,"template":"","format":"standard","meta":[],"categories":[49],"tags":[],"_links":{"self":[{"href":"https:\/\/www.cronacaonline.it\/index.php\/wp-json\/wp\/v2\/posts\/64586"}],"collection":[{"href":"https:\/\/www.cronacaonline.it\/index.php\/wp-json\/wp\/v2\/posts"}],"about":[{"href":"https:\/\/www.cronacaonline.it\/index.php\/wp-json\/wp\/v2\/types\/post"}],"author":[{"embeddable":true,"href":"https:\/\/www.cronacaonline.it\/index.php\/wp-json\/wp\/v2\/users\/2"}],"replies":[{"embeddable":true,"href":"https:\/\/www.cronacaonline.it\/index.php\/wp-json\/wp\/v2\/comments?post=64586"}],"version-history":[{"count":0,"href":"https:\/\/www.cronacaonline.it\/index.php\/wp-json\/wp\/v2\/posts\/64586\/revisions"}],"wp:attachment":[{"href":"https:\/\/www.cronacaonline.it\/index.php\/wp-json\/wp\/v2\/media?parent=64586"}],"wp:term":[{"taxonomy":"category","embeddable":true,"href":"https:\/\/www.cronacaonline.it\/index.php\/wp-json\/wp\/v2\/categories?post=64586"},{"taxonomy":"post_tag","embeddable":true,"href":"https:\/\/www.cronacaonline.it\/index.php\/wp-json\/wp\/v2\/tags?post=64586"}],"curies":[{"name":"wp","href":"https:\/\/api.w.org\/{rel}","templated":true}]}}