{"id":64410,"date":"2011-01-30T00:00:00","date_gmt":"2011-01-29T23:00:00","guid":{"rendered":"http:\/\/www.cronacaonline.it\/public\/content\/index.php\/2011\/01\/30\/lassessore-provinciale-di-sassari-roberto-desini-a-laquila-lo-sport-e-solidarieta-aiutiamo-chi-e-stato-piu-sfortunato\/"},"modified":"2011-01-30T00:00:00","modified_gmt":"2011-01-29T23:00:00","slug":"lassessore-provinciale-di-sassari-roberto-desini-a-laquila-lo-sport-e-solidarieta-aiutiamo-chi-e-stato-piu-sfortunato","status":"publish","type":"post","link":"https:\/\/www.cronacaonline.it\/index.php\/2011\/01\/30\/lassessore-provinciale-di-sassari-roberto-desini-a-laquila-lo-sport-e-solidarieta-aiutiamo-chi-e-stato-piu-sfortunato\/","title":{"rendered":"L\u2019assessore provinciale di Sassari Roberto Desini a L\u2019Aquila: \u201clo sport \u00e8 solidariet\u00e0, aiutiamo chi \u00e8 stato pi\u00f9 sfortunato\u201d"},"content":{"rendered":"<p><FONT face=\"\">\u00abLo sport \u00e8 un potente veicolo di valori che riteniamo universali, come la solidariet\u00e0. Per questo, anche in una fase di grandi difficolt\u00e0 economiche come quella che sta attraversando il nostro territorio, non ci vogliamo dimenticare di chi \u00e8 stato pi\u00f9 sfortunato di noi\u00bb. L\u2019assessore provinciale dello Sport, Roberto Desini, ha spiegato cos\u00ec la decisione di stanziare 15mila euro da destinare alle societ\u00e0 sportive di L\u2019Aquila. Lo ha fatto nel corso di una conferenza stampa che si \u00e8 tenuta tre giorni fa negli uffici della presidenza della Provincia di L\u2019Aquila. \u00c8 stata quella l\u2019occasione per formalizzare lo stanziamento di cui sar\u00e0 beneficiaria la stessa amministrazione provinciale del capoluogo abruzzese. \u00abQuesta donazione contribuir\u00e0 alla ripresa del tessuto sociale della citt\u00e0 di L\u2019Aquila\u00bb, ha affermato il presidente della Provincia, <SPAN style=\"mso-bidi-font-weight: bold\">Antonio Del Corvo<\/SPAN>. \u00abLa distanza con <st1:PersonName w:st=\"on\" ProductID=\"la Provincia\">la Provincia<\/st1:PersonName> di Sassari \u00e8 solo geografica \u2013 ha aggiunto \u2013 dopo questa manifestazione di vicinanza ci auguriamo che i rapporti tra le due amministrazioni possano produrre anche in futuro una proficua collaborazione\u00bb.<\/FONT><\/p>\n<p><FONT face=\"\">L\u2019assessore Roberto Desini ha voluto visitare il centro storico della citt\u00e0, ancora visibilmente segnato dalla profonda tragedia causata dal terremoto di due anni fa. \u00abVerificare di persona quello che questo territorio ha dovuto patire ha rafforzato il convincimento che la nostra decisione sia stata giusta\u00bb, ha detto Desini. Ad accompagnarlo in giro per L\u2019Aquila il suo omologo, <SPAN style=\"mso-bidi-font-weight: bold\">Roberto Romanelli, al quale \u00e8 toccato il compito di individuare le societ\u00e0 cui destinare i soldi provenienti da Sassari. <\/SPAN>\u00abAbbiamo scelto L\u2019Aquila Rugby 1936, L\u2019Aquila Calcio 1927 e la polisportiva dilettantistica Unione Aquilana \u2013 ha detto Romanelli durante la conferenza stampa di mercoled\u00ec \u2013 e abbiamo stabilito che le tre societ\u00e0 beneficeranno in parti uguali del contributo\u00bb. Secondo l\u2019assessore dello Sport aquilano, \u00able prime due societ\u00e0 rappresentano la storia sportiva della nostra citt\u00e0 e i nostri colori a livello nazionale, mentre la terza \u00e8 fortemente impegnata nella promozione di iniziative di solidariet\u00e0 e nel rilancio dell\u2019attivit\u00e0 sportiva&nbsp;in tutto il territorio\u00bb.<\/FONT><\/p>\n<p><FONT face=\"\">Nel prossimo mese di giugno una delegazione di giovanissimi calciatori aquilani verr\u00e0 a Sassari per sancire sul campo un \u201cpatto di amicizia\u201d con diverse societ\u00e0 giovanili del Nord Ovest Sardegna. Verranno accompagnati dai vertici dell\u2019amministrazione provinciale di L\u2019Aquila. Sar\u00e0 quella l\u2019occasione per suggellare il gemellaggio tra le due amministrazioni locali e i rispettivi territori.<\/FONT><\/p>\n","protected":false},"excerpt":{"rendered":"<p>\u00abLo sport \u00e8 un potente veicolo di valori che riteniamo universali, come la solidariet\u00e0. Per questo, anche in una fase di grandi difficolt\u00e0 economiche come&#8230;<\/p>\n","protected":false},"author":2,"featured_media":0,"comment_status":"closed","ping_status":"closed","sticky":false,"template":"","format":"standard","meta":[],"categories":[49],"tags":[],"_links":{"self":[{"href":"https:\/\/www.cronacaonline.it\/index.php\/wp-json\/wp\/v2\/posts\/64410"}],"collection":[{"href":"https:\/\/www.cronacaonline.it\/index.php\/wp-json\/wp\/v2\/posts"}],"about":[{"href":"https:\/\/www.cronacaonline.it\/index.php\/wp-json\/wp\/v2\/types\/post"}],"author":[{"embeddable":true,"href":"https:\/\/www.cronacaonline.it\/index.php\/wp-json\/wp\/v2\/users\/2"}],"replies":[{"embeddable":true,"href":"https:\/\/www.cronacaonline.it\/index.php\/wp-json\/wp\/v2\/comments?post=64410"}],"version-history":[{"count":0,"href":"https:\/\/www.cronacaonline.it\/index.php\/wp-json\/wp\/v2\/posts\/64410\/revisions"}],"wp:attachment":[{"href":"https:\/\/www.cronacaonline.it\/index.php\/wp-json\/wp\/v2\/media?parent=64410"}],"wp:term":[{"taxonomy":"category","embeddable":true,"href":"https:\/\/www.cronacaonline.it\/index.php\/wp-json\/wp\/v2\/categories?post=64410"},{"taxonomy":"post_tag","embeddable":true,"href":"https:\/\/www.cronacaonline.it\/index.php\/wp-json\/wp\/v2\/tags?post=64410"}],"curies":[{"name":"wp","href":"https:\/\/api.w.org\/{rel}","templated":true}]}}