{"id":64390,"date":"2011-01-22T00:00:00","date_gmt":"2011-01-21T23:00:00","guid":{"rendered":"http:\/\/www.cronacaonline.it\/public\/content\/index.php\/2011\/01\/22\/sette-anni-di-reclusione-a-cuffaro-ed-un-voto-in-meno-per-il-cavaliere\/"},"modified":"2011-01-22T00:00:00","modified_gmt":"2011-01-21T23:00:00","slug":"sette-anni-di-reclusione-a-cuffaro-ed-un-voto-in-meno-per-il-cavaliere","status":"publish","type":"post","link":"https:\/\/www.cronacaonline.it\/index.php\/2011\/01\/22\/sette-anni-di-reclusione-a-cuffaro-ed-un-voto-in-meno-per-il-cavaliere\/","title":{"rendered":"Sette anni di reclusione a Cuffaro ed un voto in meno per il cavaliere."},"content":{"rendered":"<p><SPAN style=\"WIDOWS: 2; TEXT-TRANSFORM: none; TEXT-INDENT: 0px; BORDER-COLLAPSE: separate; FONT: 16px 'Times New Roman'; WHITE-SPACE: normal; ORPHANS: 2; LETTER-SPACING: normal; COLOR: rgb(0,0,0); WORD-SPACING: 0px; -webkit-border-horizontal-spacing: 0px; -webkit-border-vertical-spacing: 0px; -webkit-text-decorations-in-effect: none; -webkit-text-size-adjust: auto; -webkit-text-stroke-width: 0px\" class=Apple-style-span><SPAN style=\"LINE-HEIGHT: 21px; FONT-FAMILY: Georgia, Palatino, serif; COLOR: rgb(70,70,70); FONT-SIZE: 14px\" class=Apple-style-span>Condanna definitiva a sette anni di reclusione da parte della Cassazione per favoreggiamento aggravato a Cosa Nostra e rivelazione di segreto istruttorio emessa nell'ambito del processo \u00abtalpe alla Dda\u00bb nei confronti di Salvatore Cuffaro, ex governatore della Sicilia, oggi senatore. In particolare, la seconda sezione penale presieduta da Antonio Esposito ha rigettato il ricorso di Cuffaro, confermando cos\u00ec il verdetto emesso lo scorso 23 gennaio dalla corte di appello di Palermo. La condanna \u00e8 ora definitiva. Cuffaro in questo momento si trova a Roma, nella chiesa della Minerva al Pantheon, raccolto in preghiera con la sua famiglia. Entro cinque giorni gli sar\u00e0 notificato l'estratto della sentenza. Cuffaro, comunque, potrebbe decidersi di costituirsi in carcere anche prima dello scadere dei cinque giorni. In passato, dopo la condanna definitiva, l'ex parlamentare Cesare Previti si costitu\u00ec spontaneamente nel carcere romano di Rebibbia.<\/SPAN><\/SPAN><\/p>\n<p><SPAN style=\"WIDOWS: 2; TEXT-TRANSFORM: none; TEXT-INDENT: 0px; BORDER-COLLAPSE: separate; FONT: 16px 'Times New Roman'; WHITE-SPACE: normal; ORPHANS: 2; LETTER-SPACING: normal; COLOR: rgb(0,0,0); WORD-SPACING: 0px; -webkit-border-horizontal-spacing: 0px; -webkit-border-vertical-spacing: 0px; -webkit-text-decorations-in-effect: none; -webkit-text-size-adjust: auto; -webkit-text-stroke-width: 0px\" class=Apple-style-span><SPAN style=\"LINE-HEIGHT: 21px; FONT-FAMILY: Georgia, Palatino, serif; COLOR: rgb(70,70,70); FONT-SIZE: 14px\" class=Apple-style-span><SPAN style=\"WIDOWS: 2; TEXT-TRANSFORM: none; TEXT-INDENT: 0px; BORDER-COLLAPSE: separate; FONT: 16px 'Times New Roman'; WHITE-SPACE: normal; ORPHANS: 2; LETTER-SPACING: normal; COLOR: rgb(0,0,0); WORD-SPACING: 0px; -webkit-border-horizontal-spacing: 0px; -webkit-border-vertical-spacing: 0px; -webkit-text-decorations-in-effect: none; -webkit-text-size-adjust: auto; -webkit-text-stroke-width: 0px\" class=Apple-style-span><SPAN style=\"LINE-HEIGHT: 21px; FONT-FAMILY: Georgia, Palatino, serif; COLOR: rgb(70,70,70); FONT-SIZE: 14px\" class=Apple-style-span>Una delle conseguenze della conferma della condanna a 7 anni di reclusione per l'ex governatore della Sicilia Salvatore Cuffaro, attualmente Senatore dei Popolari Italia, \u00e8 quella della decadenza dal seggio di palazzo Madama. Lo si \u00e8 appreso da fonti del collegio difensivo del senatore. Piuttosto che essere dichiarato decaduto dal Senato, Cuffaro potrebbe presentare le dimissioni.<\/SPAN><\/SPAN><\/SPAN><\/SPAN><\/p>\n<p><SPAN style=\"WIDOWS: 2; TEXT-TRANSFORM: none; TEXT-INDENT: 0px; BORDER-COLLAPSE: separate; FONT: 16px 'Times New Roman'; WHITE-SPACE: normal; ORPHANS: 2; LETTER-SPACING: normal; COLOR: rgb(0,0,0); WORD-SPACING: 0px; -webkit-border-horizontal-spacing: 0px; -webkit-border-vertical-spacing: 0px; -webkit-text-decorations-in-effect: none; -webkit-text-size-adjust: auto; -webkit-text-stroke-width: 0px\" class=Apple-style-span><SPAN style=\"LINE-HEIGHT: 21px; FONT-FAMILY: Georgia, Palatino, serif; COLOR: rgb(70,70,70); FONT-SIZE: 14px\" class=Apple-style-span><SPAN style=\"WIDOWS: 2; TEXT-TRANSFORM: none; TEXT-INDENT: 0px; BORDER-COLLAPSE: separate; FONT: 16px 'Times New Roman'; WHITE-SPACE: normal; ORPHANS: 2; LETTER-SPACING: normal; COLOR: rgb(0,0,0); WORD-SPACING: 0px; -webkit-border-horizontal-spacing: 0px; -webkit-border-vertical-spacing: 0px; -webkit-text-decorations-in-effect: none; -webkit-text-size-adjust: auto; -webkit-text-stroke-width: 0px\" class=Apple-style-span><SPAN style=\"LINE-HEIGHT: 21px; FONT-FAMILY: Georgia, Palatino, serif; COLOR: rgb(70,70,70); FONT-SIZE: 14px\" class=Apple-style-span><SPAN style=\"WIDOWS: 2; TEXT-TRANSFORM: none; TEXT-INDENT: 0px; BORDER-COLLAPSE: separate; FONT: 16px 'Times New Roman'; WHITE-SPACE: normal; ORPHANS: 2; LETTER-SPACING: normal; COLOR: rgb(0,0,0); WORD-SPACING: 0px; -webkit-border-horizontal-spacing: 0px; -webkit-border-vertical-spacing: 0px; -webkit-text-decorations-in-effect: none; -webkit-text-size-adjust: auto; -webkit-text-stroke-width: 0px\" class=Apple-style-span><SPAN style=\"LINE-HEIGHT: 21px; FONT-FAMILY: Georgia, Palatino, serif; COLOR: rgb(70,70,70); FONT-SIZE: 14px\" class=Apple-style-span>\u00ab\u00c8 una sentenza che desta stupore e rammarico anche perch\u00e9, ieri, la Procura della Cassazione, con una richiesta molto argomentata, aveva chiesto l'annullamento dell'aggravante mafiosa per l'episodio di favoreggiamento ad Aiello, richiesta che se accolta avrebbe sgonfiato del tutto la condanna\u00bb, \u00e8 il commento dell'avvocato Oreste Domignoni, difensore di Cuffaro in Cassazione insieme a Nino Mormino. La sentenza della Corte di Cassazione conferma l'impianto accusatorio sostenuto dalla procura in primo grado\u00bb, dice invece il Procuratore capo di Palermo Francesco Messineo. \u00abIn primo grado il nostro impianto accusatorio era stato accolto dai giudici solo parzialmente - ha aggiunto Messineo -. La Corte d'Appello lo conferm\u00f2 e adesso arriva la sentenza definitiva. In ogni caso, non voglio aggiungere di pi\u00f9, perch\u00e9 le sentenze non si commentano ma si rispettano\u00bb.<\/SPAN><\/SPAN><\/SPAN><\/SPAN><\/SPAN><\/SPAN><\/p>\n<p><SPAN style=\"WIDOWS: 2; TEXT-TRANSFORM: none; TEXT-INDENT: 0px; BORDER-COLLAPSE: separate; FONT: 16px 'Times New Roman'; WHITE-SPACE: normal; ORPHANS: 2; LETTER-SPACING: normal; COLOR: rgb(0,0,0); WORD-SPACING: 0px; -webkit-border-horizontal-spacing: 0px; -webkit-border-vertical-spacing: 0px; -webkit-text-decorations-in-effect: none; -webkit-text-size-adjust: auto; -webkit-text-stroke-width: 0px\" class=Apple-style-span><SPAN style=\"LINE-HEIGHT: 21px; FONT-FAMILY: Georgia, Palatino, serif; COLOR: rgb(70,70,70); FONT-SIZE: 14px\" class=Apple-style-span><SPAN style=\"WIDOWS: 2; TEXT-TRANSFORM: none; TEXT-INDENT: 0px; BORDER-COLLAPSE: separate; FONT: 16px 'Times New Roman'; WHITE-SPACE: normal; ORPHANS: 2; LETTER-SPACING: normal; COLOR: rgb(0,0,0); WORD-SPACING: 0px; -webkit-border-horizontal-spacing: 0px; -webkit-border-vertical-spacing: 0px; -webkit-text-decorations-in-effect: none; -webkit-text-size-adjust: auto; -webkit-text-stroke-width: 0px\" class=Apple-style-span><SPAN style=\"LINE-HEIGHT: 21px; FONT-FAMILY: Georgia, Palatino, serif; COLOR: rgb(70,70,70); FONT-SIZE: 14px\" class=Apple-style-span><SPAN style=\"WIDOWS: 2; TEXT-TRANSFORM: none; TEXT-INDENT: 0px; BORDER-COLLAPSE: separate; FONT: 16px 'Times New Roman'; WHITE-SPACE: normal; ORPHANS: 2; LETTER-SPACING: normal; COLOR: rgb(0,0,0); WORD-SPACING: 0px; -webkit-border-horizontal-spacing: 0px; -webkit-border-vertical-spacing: 0px; -webkit-text-decorations-in-effect: none; -webkit-text-size-adjust: auto; -webkit-text-stroke-width: 0px\" class=Apple-style-span><SPAN style=\"LINE-HEIGHT: 21px; FONT-FAMILY: Georgia, Palatino, serif; COLOR: rgb(70,70,70); FONT-SIZE: 14px\" class=Apple-style-span><SPAN style=\"WIDOWS: 2; TEXT-TRANSFORM: none; TEXT-INDENT: 0px; BORDER-COLLAPSE: separate; FONT: 16px 'Times New Roman'; WHITE-SPACE: normal; ORPHANS: 2; LETTER-SPACING: normal; COLOR: rgb(0,0,0); WORD-SPACING: 0px; -webkit-border-horizontal-spacing: 0px; -webkit-border-vertical-spacing: 0px; -webkit-text-decorations-in-effect: none; -webkit-text-size-adjust: auto; -webkit-text-stroke-width: 0px\" class=Apple-style-span><SPAN style=\"LINE-HEIGHT: 21px; FONT-FAMILY: Georgia, Palatino, serif; COLOR: rgb(70,70,70); FONT-SIZE: 14px\" class=Apple-style-span>Cuffaro \u00e8 attualmente imputato in un altro processo a Palermo, dove risponde di concorso esterno in associazione mafiosa. Il 28 giugno scorso in questo dibattimento i pm Nino Di Matteo e Francesco Del Bene, a conclusione di una requisitoria durata per quattro udienze, ne hanno chiesto la condanna a 10 anni di reclusione. La richiesta di 10 anni \u00e8 comprensiva dello sconto di un terzo della pena previsto per il rito abbreviato scelto da Cuffaro. Tra le vicende oggetto di questo processo, noto come \u00abCuffaro bis\u00bb, quella delle candidature di Mimmo Miceli e Giuseppe Acanto, detto Piero, nelle liste del Cdu e del Biancofiore alle elezioni regionali del 2001. Entrambi, secondo l'accusa, furono sponsorizzati da Cosa nostra e Cuffaro per questo motivo li accett\u00f2 come candidati nelle liste a lui collegate.<\/SPAN><\/SPAN><\/SPAN><\/SPAN><\/SPAN><\/SPAN><\/SPAN><\/SPAN><\/p>\n","protected":false},"excerpt":{"rendered":"<p>Condanna definitiva a sette anni di reclusione da parte della Cassazione per favoreggiamento aggravato a Cosa Nostra e rivelazione di segreto istruttorio emessa nell&#8217;ambito del&#8230;<\/p>\n","protected":false},"author":2,"featured_media":8477,"comment_status":"closed","ping_status":"closed","sticky":false,"template":"","format":"standard","meta":[],"categories":[49],"tags":[],"_links":{"self":[{"href":"https:\/\/www.cronacaonline.it\/index.php\/wp-json\/wp\/v2\/posts\/64390"}],"collection":[{"href":"https:\/\/www.cronacaonline.it\/index.php\/wp-json\/wp\/v2\/posts"}],"about":[{"href":"https:\/\/www.cronacaonline.it\/index.php\/wp-json\/wp\/v2\/types\/post"}],"author":[{"embeddable":true,"href":"https:\/\/www.cronacaonline.it\/index.php\/wp-json\/wp\/v2\/users\/2"}],"replies":[{"embeddable":true,"href":"https:\/\/www.cronacaonline.it\/index.php\/wp-json\/wp\/v2\/comments?post=64390"}],"version-history":[{"count":0,"href":"https:\/\/www.cronacaonline.it\/index.php\/wp-json\/wp\/v2\/posts\/64390\/revisions"}],"wp:featuredmedia":[{"embeddable":true,"href":"https:\/\/www.cronacaonline.it\/index.php\/wp-json\/"}],"wp:attachment":[{"href":"https:\/\/www.cronacaonline.it\/index.php\/wp-json\/wp\/v2\/media?parent=64390"}],"wp:term":[{"taxonomy":"category","embeddable":true,"href":"https:\/\/www.cronacaonline.it\/index.php\/wp-json\/wp\/v2\/categories?post=64390"},{"taxonomy":"post_tag","embeddable":true,"href":"https:\/\/www.cronacaonline.it\/index.php\/wp-json\/wp\/v2\/tags?post=64390"}],"curies":[{"name":"wp","href":"https:\/\/api.w.org\/{rel}","templated":true}]}}