{"id":64376,"date":"2011-01-31T00:00:00","date_gmt":"2011-01-30T23:00:00","guid":{"rendered":"http:\/\/www.cronacaonline.it\/public\/content\/index.php\/2011\/01\/31\/minetti-ieri-sentita-dai-pm-di-milano-linquisita-risponde-a-tutte-le-domande\/"},"modified":"2011-01-31T00:00:00","modified_gmt":"2011-01-30T23:00:00","slug":"minetti-ieri-sentita-dai-pm-di-milano-linquisita-risponde-a-tutte-le-domande","status":"publish","type":"post","link":"https:\/\/www.cronacaonline.it\/index.php\/2011\/01\/31\/minetti-ieri-sentita-dai-pm-di-milano-linquisita-risponde-a-tutte-le-domande\/","title":{"rendered":"Minetti ieri sentita dai Pm di Milano: l\u2019inquisita risponde a tutte le domande"},"content":{"rendered":"<p><SPAN style=\"LINE-HEIGHT: 115%; FONT-FAMILY: 'Verdana', 'sans-serif'; COLOR: black; FONT-SIZE: 12pt; mso-fareast-font-family: 'Times New Roman'\">Nel tardo pomeriggio di ieri, Nicole Minetti, consigliera regionale della Lombardia, nell\u2019ambito dell\u2019inchiesta sulle presunte feste di \u201charArcore\u201d, \u00e8 stata interrogata dai magistrati milanesi. <\/SPAN><\/p>\n<p><SPAN style=\"LINE-HEIGHT: 115%; FONT-FAMILY: 'Verdana', 'sans-serif'; COLOR: black; FONT-SIZE: 12pt; mso-fareast-font-family: 'Times New Roman'\">La convocazione della consigliera regionale indagata per induzione alla prostituzione&nbsp;era in origine prevista per marted\u00ec alle 18,30, ma gli inquirenti l\u2019hanno anticipata per evitare clamore mediatico. Il quadro accusatorio si sarebbe arricchito di un nuovo tassello: versamenti diretti alla Minetti dai conti di Berlusconi, per decine di migliaia di euro. Soldi che, secondo i magistrati, proverebbero il suo ruolo: quello di arruolare prostitute per i festini.<BR><BR>L\u2019interrogatorio di&nbsp;<B><SPAN style=\"BORDER-BOTTOM: windowtext 1pt; BORDER-LEFT: windowtext 1pt; PADDING-BOTTOM: 0cm; PADDING-LEFT: 0cm; PADDING-RIGHT: 0cm; BORDER-TOP: windowtext 1pt; BORDER-RIGHT: windowtext 1pt; PADDING-TOP: 0cm; mso-border-alt: none windowtext 0cm\">Nicole Minetti<\/SPAN><\/B>, assistita dall\u2019avvocato Daria Pesce, \u00e8 durato circa tre ore. L\u2019ex igienista dentale del premier si \u00e8 avvalsa della facolt\u00e0 di non rispondere a buona parte delle domande. Minetti, comunque, come riporta questa mattina&nbsp;<I><SPAN style=\"BORDER-BOTTOM: windowtext 1pt; BORDER-LEFT: windowtext 1pt; PADDING-BOTTOM: 0cm; PADDING-LEFT: 0cm; PADDING-RIGHT: 0cm; BORDER-TOP: windowtext 1pt; BORDER-RIGHT: windowtext 1pt; PADDING-TOP: 0cm; mso-border-alt: none windowtext 0cm\">La Stampa<\/SPAN><\/I>, \u201cha ammesso di aver preso in gestione gli appartamenti di via Olgettina (ben 4 intestati a lei) per ospitare le ragazze che frequentavano i festini di Arcore, nonch\u00e9 di aver ricevuto i pagamenti per gli affitti da Giuseppe Spinelli, il contabile di Berlusconi\u201d. Ma non \u00e8 tutto, perch\u00e9 la consigliera regionale avrebbe ammesso anche \u201cdi aver telefonato \u2013 continua&nbsp;<I><SPAN style=\"BORDER-BOTTOM: windowtext 1pt; BORDER-LEFT: windowtext 1pt; PADDING-BOTTOM: 0cm; PADDING-LEFT: 0cm; PADDING-RIGHT: 0cm; BORDER-TOP: windowtext 1pt; BORDER-RIGHT: windowtext 1pt; PADDING-TOP: 0cm; mso-border-alt: none windowtext 0cm\">La Stampa<\/SPAN><\/I>&nbsp;\u2013 e fissato appuntamenti alle giovani prescelte che volta per volta avrebbero dovuto animare i dopocena hard del presidente\u201d<BR><BR>Il verbale dell\u2019interrogatorio \u00e8 stato secretato. Quel che \u00e8 certo \u00e8 che Nicole Minetti ha fornito informazioni sul presunto giro di prostituzione che avrebbe alimentato le serate ad Arcore del premier&nbsp;<B><SPAN style=\"BORDER-BOTTOM: windowtext 1pt; BORDER-LEFT: windowtext 1pt; PADDING-BOTTOM: 0cm; PADDING-LEFT: 0cm; PADDING-RIGHT: 0cm; BORDER-TOP: windowtext 1pt; BORDER-RIGHT: windowtext 1pt; PADDING-TOP: 0cm; mso-border-alt: none windowtext 0cm\">Silvio Berlusconi,<\/SPAN><\/B>&nbsp;indagato per prostituzione minorile e concussione.<BR><BR>Minetti \u00e8 indagata insieme con&nbsp;<B><SPAN style=\"BORDER-BOTTOM: windowtext 1pt; BORDER-LEFT: windowtext 1pt; PADDING-BOTTOM: 0cm; PADDING-LEFT: 0cm; PADDING-RIGHT: 0cm; BORDER-TOP: windowtext 1pt; BORDER-RIGHT: windowtext 1pt; PADDING-TOP: 0cm; mso-border-alt: none windowtext 0cm\">Lele Mora<\/SPAN><\/B>&nbsp;e&nbsp;<B><SPAN style=\"BORDER-BOTTOM: windowtext 1pt; BORDER-LEFT: windowtext 1pt; PADDING-BOTTOM: 0cm; PADDING-LEFT: 0cm; PADDING-RIGHT: 0cm; BORDER-TOP: windowtext 1pt; BORDER-RIGHT: windowtext 1pt; PADDING-TOP: 0cm; mso-border-alt: none windowtext 0cm\">Emilio Fede<\/SPAN><\/B>, anche loro accusati di favoreggiamento della prostituzione. La procura di Milano dopo l\u2019atto istruttorio di questo pomeriggio, nei prossimi giorni depositer\u00e0 la richiesta di rito immediato per il premier.<\/SPAN><\/p>\n<p><SPAN style=\"FONT-FAMILY: 'Verdana', 'sans-serif'; mso-bidi-font-family: Verdana\">&nbsp;<\/SPAN><\/p>\n","protected":false},"excerpt":{"rendered":"<p>Nel tardo pomeriggio di ieri, Nicole Minetti, consigliera regionale della Lombardia, nell\u2019ambito dell\u2019inchiesta sulle presunte feste di \u201charArcore\u201d, \u00e8 stata interrogata dai magistrati milanesi. La&#8230;<\/p>\n","protected":false},"author":2,"featured_media":8279,"comment_status":"closed","ping_status":"closed","sticky":false,"template":"","format":"standard","meta":[],"categories":[49],"tags":[],"_links":{"self":[{"href":"https:\/\/www.cronacaonline.it\/index.php\/wp-json\/wp\/v2\/posts\/64376"}],"collection":[{"href":"https:\/\/www.cronacaonline.it\/index.php\/wp-json\/wp\/v2\/posts"}],"about":[{"href":"https:\/\/www.cronacaonline.it\/index.php\/wp-json\/wp\/v2\/types\/post"}],"author":[{"embeddable":true,"href":"https:\/\/www.cronacaonline.it\/index.php\/wp-json\/wp\/v2\/users\/2"}],"replies":[{"embeddable":true,"href":"https:\/\/www.cronacaonline.it\/index.php\/wp-json\/wp\/v2\/comments?post=64376"}],"version-history":[{"count":0,"href":"https:\/\/www.cronacaonline.it\/index.php\/wp-json\/wp\/v2\/posts\/64376\/revisions"}],"wp:featuredmedia":[{"embeddable":true,"href":"https:\/\/www.cronacaonline.it\/index.php\/wp-json\/"}],"wp:attachment":[{"href":"https:\/\/www.cronacaonline.it\/index.php\/wp-json\/wp\/v2\/media?parent=64376"}],"wp:term":[{"taxonomy":"category","embeddable":true,"href":"https:\/\/www.cronacaonline.it\/index.php\/wp-json\/wp\/v2\/categories?post=64376"},{"taxonomy":"post_tag","embeddable":true,"href":"https:\/\/www.cronacaonline.it\/index.php\/wp-json\/wp\/v2\/tags?post=64376"}],"curies":[{"name":"wp","href":"https:\/\/api.w.org\/{rel}","templated":true}]}}