{"id":64352,"date":"2011-01-26T00:00:00","date_gmt":"2011-01-25T23:00:00","guid":{"rendered":"http:\/\/www.cronacaonline.it\/public\/content\/index.php\/2011\/01\/26\/commercio-centri-commerciali-naturali-verso-modifica-criteri-assegnazione-finanziamenti-e-istituzione-albo-regionale\/"},"modified":"2011-01-26T00:00:00","modified_gmt":"2011-01-25T23:00:00","slug":"commercio-centri-commerciali-naturali-verso-modifica-criteri-assegnazione-finanziamenti-e-istituzione-albo-regionale","status":"publish","type":"post","link":"https:\/\/www.cronacaonline.it\/index.php\/2011\/01\/26\/commercio-centri-commerciali-naturali-verso-modifica-criteri-assegnazione-finanziamenti-e-istituzione-albo-regionale\/","title":{"rendered":"Commercio, centri commerciali naturali: verso modifica criteri assegnazione finanziamenti e istituzione albo regionale"},"content":{"rendered":"<p><SPAN style=\"LINE-HEIGHT: 115%; FONT-FAMILY: 'Verdana', 'sans-serif'; COLOR: black; FONT-SIZE: 12pt; mso-bidi-font-family: 'Times New Roman'; mso-fareast-font-family: 'Times New Roman'; mso-fareast-language: IT\">L\u2019assessore regionale del Turismo, Artigianato e Commercio Luigi Crisponi ha reso note stamane, in un incontro con i rappresentanti delle confederazioni del commercio, Confcommercio e Confersercenti, e i presidenti dei centri commerciali, le linee guida, allo studio dell\u2019assessorato, riguardanti le modifiche alle direttive dell\u2019articolo 36 della legge regionale 5 del 2006, relativo agli incentivi previsti in favore dei Centri commerciali naturali. \u201cL\u2019intento \u2013 ha affermato l\u2019assessore Crisponi - \u00e8 il rilancio, anche all\u2019interno dei Centri commerciali naturali, di azioni coerenti con tutt\u2019e tre le linee generali adottate dall\u2019assessorato, ossia l\u2019identit\u00e0, la trasversalit\u00e0 e la destagionalizzazione\u201d.<\/SPAN><SPAN style=\"LINE-HEIGHT: 115%; FONT-FAMILY: 'Verdana', 'sans-serif'; COLOR: black; FONT-SIZE: 8.5pt; mso-bidi-font-family: 'Times New Roman'; mso-fareast-font-family: 'Times New Roman'; mso-fareast-language: IT\"><\/SPAN><\/p>\n<p><SPAN style=\"LINE-HEIGHT: 115%; FONT-FAMILY: 'Verdana', 'sans-serif'; COLOR: black; FONT-SIZE: 12pt; mso-bidi-font-family: 'Times New Roman'; mso-fareast-font-family: 'Times New Roman'; mso-fareast-language: IT\">Secondo l\u2019articolo 36 delle LR 5\/2006 il Centro commerciale naturale (CCN) ha tra le sue finalit\u00e0 quella di valorizzare e riqualificare il commercio nelle aree urbane in armonia con il contesto naturale, sociale e architettonico, con particolare riferimento al rilancio economico \u2013 sociale dei centri storici. \u201cLe linee d\u2019azione dell\u2019identit\u00e0 e della trasversalit\u00e0 adottate dall\u2019assessorato&nbsp;&nbsp;- ha spiegato l\u2019assessore regionale Luigi Crisponi - sono in perfetta sintonia con i principi dell\u2019articolo di legge. Intendiamo, infatti, promuovere interventi nei quali prevalgano stile e qualit\u00e0, dove si dia spazio all\u2019accoglienza nelle vie dei centri storici, a vetrine di negozi che espongano e raccontino i nostri segni identitari e tradizionali, come antichi oggetti, arnesi e attrezzi, che possano trovare facilmente collocazione unitamente alle merci dei singoli negozi\u201d<\/SPAN><\/p>\n<p><SPAN style=\"LINE-HEIGHT: 115%; FONT-FAMILY: 'Verdana', 'sans-serif'; COLOR: black; FONT-SIZE: 12pt; mso-bidi-font-family: 'Times New Roman'; mso-fareast-font-family: 'Times New Roman'; mso-fareast-language: IT\">Le agevolazioni consistono in contributi concessi per la realizzazione di programmi annuali di promozione per rivitalizzare i centri urbani e per promuovere la qualificazione dell\u2019offerta e la migliore accoglienza dei cittadini. I contributi, sino a un massimo di 100mila euro, rientrano nella categoria \u2018de minimis\u2019. La modifica principale alle modalit\u00e0 e ai criteri di assegnazione di questi incentivi riguarda l\u2019istituzione di un albo regionale dei Centri commerciali naturali presso il Servizio Commercio dell\u2019assessorato regionale, l\u2019iscrizione al quale sar\u00e0 presupposto indispensabile per l\u2019ottenimento dei contributi. Altra novit\u00e0 di rilievo \u00e8 la premialit\u00e0 per l\u2019attivazione di figure importanti, quali direttori di via o responsabili dei CCN, che migliorino organizzazione, promozione e comunicazione, e per la programmazione stessa di eventi culturali e di spettacolo. Ancora le agevolazioni potranno riguardare piccoli interventi volti a valorizzare l\u2019immagine e a favorire l\u2019accoglienza nel centro e l\u2019innovazione nella sicurezza (per esempio con la videosorveglianza e sistemi aggiuntivi di illuminazione).<\/SPAN><\/p>\n<p><SPAN style=\"LINE-HEIGHT: 115%; FONT-FAMILY: 'Verdana', 'sans-serif'; COLOR: black; FONT-SIZE: 12pt; mso-bidi-font-family: 'Times New Roman'; mso-fareast-font-family: 'Times New Roman'; mso-fareast-language: IT\">Annualmente, a seguito dell\u2019approvazione della legge di Bilancio regionale l\u2019assessorato provveder\u00e0 a emanare un bando in cui saranno indicate le modalit\u00e0 di presentazione delle domande, i criteri per la valutazione delle stesse e le modalit\u00e0 di rendicontazione: \u201cLa valutazione delle istanze \u2013 ha aggiunto l\u2019esponente della Giunta Cappellacci -, dovr\u00e0 prevedere l\u2019attribuzione dei punteggi che privilegino i centri commerciali che operino in piccoli comuni e in comuni a rischio spopolamento\u201d. Red<\/SPAN><SPAN style=\"LINE-HEIGHT: 115%; FONT-FAMILY: 'Verdana', 'sans-serif'; COLOR: black; FONT-SIZE: 8.5pt; mso-bidi-font-family: 'Times New Roman'; mso-fareast-font-family: 'Times New Roman'; mso-fareast-language: IT\"><\/SPAN><\/p>\n<p><SPAN style=\"FONT-FAMILY: 'Times New Roman', 'serif'; COLOR: black; FONT-SIZE: 8.5pt; mso-fareast-font-family: 'Times New Roman'; mso-fareast-language: IT\">&nbsp;<\/SPAN><\/p>\n","protected":false},"excerpt":{"rendered":"<p>L\u2019assessore regionale del Turismo, Artigianato e Commercio Luigi Crisponi ha reso note stamane, in un incontro con i rappresentanti delle confederazioni del commercio, Confcommercio e&#8230;<\/p>\n","protected":false},"author":2,"featured_media":0,"comment_status":"closed","ping_status":"closed","sticky":false,"template":"","format":"standard","meta":[],"categories":[49],"tags":[],"_links":{"self":[{"href":"https:\/\/www.cronacaonline.it\/index.php\/wp-json\/wp\/v2\/posts\/64352"}],"collection":[{"href":"https:\/\/www.cronacaonline.it\/index.php\/wp-json\/wp\/v2\/posts"}],"about":[{"href":"https:\/\/www.cronacaonline.it\/index.php\/wp-json\/wp\/v2\/types\/post"}],"author":[{"embeddable":true,"href":"https:\/\/www.cronacaonline.it\/index.php\/wp-json\/wp\/v2\/users\/2"}],"replies":[{"embeddable":true,"href":"https:\/\/www.cronacaonline.it\/index.php\/wp-json\/wp\/v2\/comments?post=64352"}],"version-history":[{"count":0,"href":"https:\/\/www.cronacaonline.it\/index.php\/wp-json\/wp\/v2\/posts\/64352\/revisions"}],"wp:attachment":[{"href":"https:\/\/www.cronacaonline.it\/index.php\/wp-json\/wp\/v2\/media?parent=64352"}],"wp:term":[{"taxonomy":"category","embeddable":true,"href":"https:\/\/www.cronacaonline.it\/index.php\/wp-json\/wp\/v2\/categories?post=64352"},{"taxonomy":"post_tag","embeddable":true,"href":"https:\/\/www.cronacaonline.it\/index.php\/wp-json\/wp\/v2\/tags?post=64352"}],"curies":[{"name":"wp","href":"https:\/\/api.w.org\/{rel}","templated":true}]}}