{"id":64316,"date":"2011-01-24T00:00:00","date_gmt":"2011-01-23T23:00:00","guid":{"rendered":"http:\/\/www.cronacaonline.it\/public\/content\/index.php\/2011\/01\/24\/fini-serve-rispetto-delle-istituzioni-ed-ora-bossi-difende-quello-che-non-si-pua-difendere\/"},"modified":"2011-01-24T00:00:00","modified_gmt":"2011-01-23T23:00:00","slug":"fini-serve-rispetto-delle-istituzioni-ed-ora-bossi-difende-quello-che-non-si-pua-difendere","status":"publish","type":"post","link":"https:\/\/www.cronacaonline.it\/index.php\/2011\/01\/24\/fini-serve-rispetto-delle-istituzioni-ed-ora-bossi-difende-quello-che-non-si-pua-difendere\/","title":{"rendered":"Fini: serve rispetto delle istituzioni ed ora Bossi difende quello che non si pu\u00e0 difendere"},"content":{"rendered":"<p><SPAN style=\"WIDOWS: 2; TEXT-TRANSFORM: none; TEXT-INDENT: 0px; BORDER-COLLAPSE: separate; FONT: 10px 'Times New Roman'; WHITE-SPACE: normal; ORPHANS: 2; LETTER-SPACING: normal; COLOR: rgb(0,0,0); WORD-SPACING: 0px; -webkit-border-horizontal-spacing: 0px; -webkit-border-vertical-spacing: 0px; -webkit-text-decorations-in-effect: none; -webkit-text-size-adjust: auto; -webkit-text-stroke-width: 0px\" class=Apple-style-span><SPAN style=\"TEXT-ALIGN: justify; LINE-HEIGHT: 20px; FONT-FAMILY: Arial, Helvetica, sans-serif; FONT-SIZE: 13px\" class=Apple-style-span>L'Italia ha bisogno di un altro centrodestra che abbia \"senso dello Stato e rispetto per le istituzioni\". Lo ha detto il presidente della Camera, Gianfranco Fini, partecipando a Portonovo a una convention di Fli.<SPAN class=Apple-converted-space>&nbsp;<\/SPAN><\/SPAN><\/SPAN><\/p>\n<p><SPAN style=\"WIDOWS: 2; TEXT-TRANSFORM: none; TEXT-INDENT: 0px; BORDER-COLLAPSE: separate; FONT: 10px 'Times New Roman'; WHITE-SPACE: normal; ORPHANS: 2; LETTER-SPACING: normal; COLOR: rgb(0,0,0); WORD-SPACING: 0px; -webkit-border-horizontal-spacing: 0px; -webkit-border-vertical-spacing: 0px; -webkit-text-decorations-in-effect: none; -webkit-text-size-adjust: auto; -webkit-text-stroke-width: 0px\" class=Apple-style-span><SPAN style=\"TEXT-ALIGN: justify; LINE-HEIGHT: 20px; FONT-FAMILY: Arial, Helvetica, sans-serif; FONT-SIZE: 13px\" class=Apple-style-span><SPAN class=Apple-converted-space><\/SPAN>\"Io credo che sia profondamente sbagliato come in molte circostanze fa il presidente del consiglio scagliarsi contro tutte quelle istituzioni che in ragione dell'autonomia di cui godono non sempre si trovano ad avere posizioni coincidenti con quelle dell'esecutivo\".<SPAN class=Apple-converted-space>&nbsp;<\/SPAN><\/SPAN><\/SPAN><\/p>\n<p><SPAN style=\"WIDOWS: 2; TEXT-TRANSFORM: none; TEXT-INDENT: 0px; BORDER-COLLAPSE: separate; FONT: 10px 'Times New Roman'; WHITE-SPACE: normal; ORPHANS: 2; LETTER-SPACING: normal; COLOR: rgb(0,0,0); WORD-SPACING: 0px; -webkit-border-horizontal-spacing: 0px; -webkit-border-vertical-spacing: 0px; -webkit-text-decorations-in-effect: none; -webkit-text-size-adjust: auto; -webkit-text-stroke-width: 0px\" class=Apple-style-span><SPAN style=\"TEXT-ALIGN: justify; LINE-HEIGHT: 20px; FONT-FAMILY: Arial, Helvetica, sans-serif; FONT-SIZE: 13px\" class=Apple-style-span><SPAN class=Apple-converted-space><\/SPAN>Per il presidente della Camera Fini senso dello Stato \"vuol dire rispettare le altre istituzioni, rispettare quelle istituzioni che in primis garantiscono la legalit\u00e0, quel fondamentale presupposto di una democrazia che&nbsp;\u00e8 la libert\u00e0 dal sopruso, dal crimine\".<SPAN class=Apple-converted-space>&nbsp;<\/SPAN><\/SPAN><\/SPAN><\/p>\n<p><SPAN style=\"WIDOWS: 2; TEXT-TRANSFORM: none; TEXT-INDENT: 0px; BORDER-COLLAPSE: separate; FONT: 10px 'Times New Roman'; WHITE-SPACE: normal; ORPHANS: 2; LETTER-SPACING: normal; COLOR: rgb(0,0,0); WORD-SPACING: 0px; -webkit-border-horizontal-spacing: 0px; -webkit-border-vertical-spacing: 0px; -webkit-text-decorations-in-effect: none; -webkit-text-size-adjust: auto; -webkit-text-stroke-width: 0px\" class=Apple-style-span><SPAN style=\"TEXT-ALIGN: justify; LINE-HEIGHT: 20px; FONT-FAMILY: Arial, Helvetica, sans-serif; FONT-SIZE: 13px\" class=Apple-style-span><SPAN class=Apple-converted-space><\/SPAN>\"Senso dello Stato - ha ribadito - vuol dire garantire non solo che la legge&nbsp;\u00e8 uguale per tutti ma che chi sbaglia paga, e questo vale per tutti, anche per i magistrati quando sbagliano ma a maggior ragione per chi&nbsp;\u00e8 al vertice delle istituzioni\".<SPAN class=Apple-converted-space>&nbsp;<\/SPAN><\/SPAN><\/SPAN><\/p>\n<p><SPAN style=\"WIDOWS: 2; TEXT-TRANSFORM: none; TEXT-INDENT: 0px; BORDER-COLLAPSE: separate; FONT: 10px 'Times New Roman'; WHITE-SPACE: normal; ORPHANS: 2; LETTER-SPACING: normal; COLOR: rgb(0,0,0); WORD-SPACING: 0px; -webkit-border-horizontal-spacing: 0px; -webkit-border-vertical-spacing: 0px; -webkit-text-decorations-in-effect: none; -webkit-text-size-adjust: auto; -webkit-text-stroke-width: 0px\" class=Apple-style-span><SPAN style=\"TEXT-ALIGN: justify; LINE-HEIGHT: 20px; FONT-FAMILY: Arial, Helvetica, sans-serif; FONT-SIZE: 13px\" class=Apple-style-span><SPAN class=Apple-converted-space><\/SPAN>Nessuno contesta la presunzione di innocenza ma non pu\u00f2 essere presunzione di immunit\u00e0 o addirittura di impunit\u00e0, abbiamo contrastato e contrastiamo una riforma della giustizia che serve solo per chiudere i conti e mette chi ha subito un torto nelle condizioni di rimanere con un pugno di mosche in mano\".<SPAN class=Apple-converted-space>&nbsp;<\/SPAN><\/SPAN><\/SPAN><\/p>\n<p><SPAN style=\"WIDOWS: 2; TEXT-TRANSFORM: none; TEXT-INDENT: 0px; BORDER-COLLAPSE: separate; FONT: 10px 'Times New Roman'; WHITE-SPACE: normal; ORPHANS: 2; LETTER-SPACING: normal; COLOR: rgb(0,0,0); WORD-SPACING: 0px; -webkit-border-horizontal-spacing: 0px; -webkit-border-vertical-spacing: 0px; -webkit-text-decorations-in-effect: none; -webkit-text-size-adjust: auto; -webkit-text-stroke-width: 0px\" class=Apple-style-span><SPAN style=\"TEXT-ALIGN: justify; LINE-HEIGHT: 20px; FONT-FAMILY: Arial, Helvetica, sans-serif; FONT-SIZE: 13px\" class=Apple-style-span><SPAN class=Apple-converted-space><\/SPAN>\"Bossi ormai sta difendendo l'indifendibile\". Lo ha detto questa sera il presidente della Camera, Gianfranco Fini, intervenendo a Porto Novo di Ancona, ad un convegno di Futuro e Libert\u00e0 per l'Italia.<SPAN class=Apple-converted-space>&nbsp;<\/SPAN><\/SPAN><\/SPAN><\/p>\n<p><SPAN style=\"WIDOWS: 2; TEXT-TRANSFORM: none; TEXT-INDENT: 0px; BORDER-COLLAPSE: separate; FONT: 10px 'Times New Roman'; WHITE-SPACE: normal; ORPHANS: 2; LETTER-SPACING: normal; COLOR: rgb(0,0,0); WORD-SPACING: 0px; -webkit-border-horizontal-spacing: 0px; -webkit-border-vertical-spacing: 0px; -webkit-text-decorations-in-effect: none; -webkit-text-size-adjust: auto; -webkit-text-stroke-width: 0px\" class=Apple-style-span><SPAN style=\"TEXT-ALIGN: justify; LINE-HEIGHT: 20px; FONT-FAMILY: Arial, Helvetica, sans-serif; FONT-SIZE: 13px\" class=Apple-style-span><SPAN class=Apple-converted-space><\/SPAN>\"La Lega Nord non&nbsp;\u00e8 pi\u00f9 un alleato del Governo, ma&nbsp;\u00e8 il suo dominus - ha detto Fini - e i deputati del Pdl ormai hanno timore di contraddire Bossi perch\u00e9 sanno che il Governo si regge solo su questo rapporto. Noi abbiamo un'altra idea del centrodestra, che guarda alla politica come passione e partecipazione oltre che al senso dello Stato e al rispetto delle istituzioni\".<\/SPAN><\/SPAN><\/p>\n<p><SPAN style=\"WIDOWS: 2; TEXT-TRANSFORM: none; TEXT-INDENT: 0px; BORDER-COLLAPSE: separate; FONT: 10px 'Times New Roman'; WHITE-SPACE: normal; ORPHANS: 2; LETTER-SPACING: normal; COLOR: rgb(0,0,0); WORD-SPACING: 0px; -webkit-border-horizontal-spacing: 0px; -webkit-border-vertical-spacing: 0px; -webkit-text-decorations-in-effect: none; -webkit-text-size-adjust: auto; -webkit-text-stroke-width: 0px\" class=Apple-style-span><SPAN style=\"TEXT-ALIGN: justify; LINE-HEIGHT: 20px; FONT-FAMILY: Arial, Helvetica, sans-serif; FONT-SIZE: 13px\" class=Apple-style-span><\/SPAN><\/SPAN>&nbsp;<\/p>\n","protected":false},"excerpt":{"rendered":"<p>L&#8217;Italia ha bisogno di un altro centrodestra che abbia &#8220;senso dello Stato e rispetto per le istituzioni&#8221;. Lo ha detto il presidente della Camera, Gianfranco&#8230;<\/p>\n","protected":false},"author":2,"featured_media":8280,"comment_status":"closed","ping_status":"closed","sticky":false,"template":"","format":"standard","meta":[],"categories":[49],"tags":[],"_links":{"self":[{"href":"https:\/\/www.cronacaonline.it\/index.php\/wp-json\/wp\/v2\/posts\/64316"}],"collection":[{"href":"https:\/\/www.cronacaonline.it\/index.php\/wp-json\/wp\/v2\/posts"}],"about":[{"href":"https:\/\/www.cronacaonline.it\/index.php\/wp-json\/wp\/v2\/types\/post"}],"author":[{"embeddable":true,"href":"https:\/\/www.cronacaonline.it\/index.php\/wp-json\/wp\/v2\/users\/2"}],"replies":[{"embeddable":true,"href":"https:\/\/www.cronacaonline.it\/index.php\/wp-json\/wp\/v2\/comments?post=64316"}],"version-history":[{"count":0,"href":"https:\/\/www.cronacaonline.it\/index.php\/wp-json\/wp\/v2\/posts\/64316\/revisions"}],"wp:featuredmedia":[{"embeddable":true,"href":"https:\/\/www.cronacaonline.it\/index.php\/wp-json\/"}],"wp:attachment":[{"href":"https:\/\/www.cronacaonline.it\/index.php\/wp-json\/wp\/v2\/media?parent=64316"}],"wp:term":[{"taxonomy":"category","embeddable":true,"href":"https:\/\/www.cronacaonline.it\/index.php\/wp-json\/wp\/v2\/categories?post=64316"},{"taxonomy":"post_tag","embeddable":true,"href":"https:\/\/www.cronacaonline.it\/index.php\/wp-json\/wp\/v2\/tags?post=64316"}],"curies":[{"name":"wp","href":"https:\/\/api.w.org\/{rel}","templated":true}]}}