{"id":64315,"date":"2011-01-29T00:00:00","date_gmt":"2011-01-28T23:00:00","guid":{"rendered":"http:\/\/www.cronacaonline.it\/public\/content\/index.php\/2011\/01\/29\/politica-provinciale-situazione-e-organizzazione-comparto-sanitario-nella-provincia-di-sassari-ancora-allordine-del-giorno-in-commissione-sanita-provinciale\/"},"modified":"2011-01-29T00:00:00","modified_gmt":"2011-01-28T23:00:00","slug":"politica-provinciale-situazione-e-organizzazione-comparto-sanitario-nella-provincia-di-sassari-ancora-allordine-del-giorno-in-commissione-sanita-provinciale","status":"publish","type":"post","link":"https:\/\/www.cronacaonline.it\/index.php\/2011\/01\/29\/politica-provinciale-situazione-e-organizzazione-comparto-sanitario-nella-provincia-di-sassari-ancora-allordine-del-giorno-in-commissione-sanita-provinciale\/","title":{"rendered":"Politica provinciale &#8211; Situazione e organizzazione comparto sanitario nella provincia di Sassari ancora all\u2019ordine del giorno in Commissione Sanit\u00e0 provinciale."},"content":{"rendered":"<p><SPAN style=\"FONT-FAMILY: 'Verdana', 'sans-serif'; mso-bidi-font-family: Arial\"><FONT face=Verdana>E\u2019 ancora la Sanit\u00e0 e la sua organizzazione nel territorio all\u2019ordine del giorno della Commissione Sanit\u00e0 della Provincia di Sassari che intende definire, a conclusione delle audizioni, un documento di indirizzo per il confronto con la Regione e con la direzione della ASL n.1. La programmazione degli incontri di ascolto delle amministrazioni locali questa volta, ha visto protagonisti i sindaci del Coros-Logudoro riuniti nella sala Angioy per delineare il quadro sulla situazione dell\u2019assistenza sanitaria nella Provincia di Sassari. \u201c<I>Oggi la medicina sul territorio \u00e8 fortemente penalizzante per le popolazioni residenti nei<SPAN style=\"mso-spacerun: yes\">&nbsp; <\/SPAN>paesi-<\/I> ha sostenuto il presidente della Commissione <B>Mario Pala<\/B>- <I>e questo si ripercuote sul sistema ospedaliero cittadino che risulta essere inutilmente sovraccaricato a scapito della qualit\u00e0 complessiva dell\u2019assistenza. E\u2019 urgente attivare un piano sanitario regionale chiaro e coerente con le linee guida del Piano Sanitario Nazionale e una programmazione seria della medicina territoriale nella Provincia di Sassari.\u201d <\/I><\/FONT><\/SPAN><\/p>\n<p><SPAN style=\"FONT-FAMILY: 'Verdana', 'sans-serif'; mso-bidi-font-family: Arial\"><FONT face=Verdana>Le dichiarazioni dei sindaci e degli amministratori presenti sono state unanimi nel chiedere da un lato il superamento del commissariamento della ASL con la nomina di un direttore generale con pieni poteri, e dall\u2019altro nel rivendicare per i territori i servizi essenziali per una Sanit\u00e0 adeguata alle esigenze dei cittadini. Tra gli intervenuti il sindaco di Ittiri <B>Tonino Orani,<\/B> che ritiene oramai inderogabile l\u2019applicazione dell\u2019accordo gi\u00e0 sottoscritto con la Giunta Soru e<SPAN style=\"mso-spacerun: yes\">&nbsp; <\/SPAN>definito con la delibera n.48\/5 del 9 settembre 2008, con la quale<SPAN style=\"mso-spacerun: yes\">&nbsp; <\/SPAN>furono stanziati dalla Regione 4 milioni e mezzo di euro per le Case della Salute e gli Ospedali di Comunit\u00e0 di Ittiri e Thiesi, nei quali far confluire i servizi essenziali per i cittadini, e dichiara che <I>\u201cL\u2019ospedale di Ittiri giace in una situazione indefinita: non \u00e8 pi\u00f9 ospedale ma non \u00e8 diventato punto di riferimento per i servizi di medicina nel territorio e rischia di essere lasciato<SPAN style=\"mso-spacerun: yes\">&nbsp; <\/SPAN>morire di morte naturale<\/I>\u201d. <\/FONT><\/SPAN><\/p>\n<p><SPAN style=\"FONT-FAMILY: 'Verdana', 'sans-serif'; mso-bidi-font-family: Arial\"><FONT face=Verdana>La nota dolente della mancanza o dell\u2019insufficienza dell\u2019assistenza e dei servizi primari di Sanit\u00e0 ai cittadini residenti nei Paesi \u00e8 stata ripresa da <B>Giovanni Biddau<\/B>, sindaco di Uri,<SPAN style=\"mso-spacerun: yes\">&nbsp; <\/SPAN>da <B>Lucia Cocco<\/B> sindaca di Tissi e dal primo cittadino di Villanova Monteleone <B>Meloni.<\/B><\/FONT><\/SPAN><\/p>\n<p><SPAN style=\"FONT-FAMILY: 'Verdana', 'sans-serif'; mso-bidi-font-family: Arial\"><FONT face=Verdana>\u201c<I>E\u2019 da tempo che il problema della qualit\u00e0 della Sanit\u00e0 \u00e8 all\u2019attenzione dei cittadini di Ittiri e delle altre Comunit\u00e0, ma non si riesce ad avere risposte concrete; tutto ci\u00f2 rischia di far perdere la fiducia nelle Istituzioni<\/I>\u201d ha dichiarato il consigliere provinciale <B>Gianni Senes<\/B>. <\/FONT><\/SPAN><\/p>\n<p><SPAN style=\"FONT-FAMILY: 'Verdana', 'sans-serif'; mso-bidi-font-family: Arial\"><FONT face=Verdana>Al dibattito \u00e8 intervenuto il consigliere <B>Mariano Mameli<\/B> portavoce della minoranza consiliare, che ha sottolineato come l\u2019insieme delle problematiche dei servizi nel territorio si ripete su vari fronti, dalla scuola alla giustizia, dalla sanit\u00e0 ai<SPAN style=\"mso-spacerun: yes\">&nbsp; <\/SPAN>trasporti e la necessit\u00e0 di un forte ruolo programmatorio a tutti i livelli, compreso quello provinciale. <\/FONT><\/SPAN><\/p>\n<p><SPAN style=\"FONT-FAMILY: 'Verdana', 'sans-serif'; mso-bidi-font-family: Arial\"><FONT face=Verdana>\u201c<I>Siamo di fronte a Enti Locali che hanno avuto la capacit\u00e0 di guardare oltre il loro campanile e hanno concordato nel 2008 con la Regione azioni di riorganizzazione concrete. Si tratta di proseguire su quella strada<\/I>\u201d - ha dichiarato la vicepresidente del Consiglio <B>Alba Canu <\/B>-<I> \u201c La Commissione Sanit\u00e0 ha il difficile compito di fare sintesi dei problemi e costruire un percorso di confronto a partire dai rappresentanti eletti nelle diverse istituzioni sino alla Giunta Regionale\u201d<\/I>. <\/FONT><\/SPAN><\/p>\n<p><SPAN style=\"FONT-FAMILY: 'Verdana', 'sans-serif'; mso-bidi-font-family: Arial\"><FONT face=Verdana>Il prossimo appuntamento, previsto per il 4 febbraio, sar\u00e0 con i sindaci del Logudoro e del Goceano. Red-com<\/FONT><\/SPAN><\/p>\n","protected":false},"excerpt":{"rendered":"<p>E\u2019 ancora la Sanit\u00e0 e la sua organizzazione nel territorio all\u2019ordine del giorno della Commissione Sanit\u00e0 della Provincia di Sassari che intende definire, a conclusione&#8230;<\/p>\n","protected":false},"author":2,"featured_media":8291,"comment_status":"closed","ping_status":"closed","sticky":false,"template":"","format":"standard","meta":[],"categories":[49],"tags":[],"_links":{"self":[{"href":"https:\/\/www.cronacaonline.it\/index.php\/wp-json\/wp\/v2\/posts\/64315"}],"collection":[{"href":"https:\/\/www.cronacaonline.it\/index.php\/wp-json\/wp\/v2\/posts"}],"about":[{"href":"https:\/\/www.cronacaonline.it\/index.php\/wp-json\/wp\/v2\/types\/post"}],"author":[{"embeddable":true,"href":"https:\/\/www.cronacaonline.it\/index.php\/wp-json\/wp\/v2\/users\/2"}],"replies":[{"embeddable":true,"href":"https:\/\/www.cronacaonline.it\/index.php\/wp-json\/wp\/v2\/comments?post=64315"}],"version-history":[{"count":0,"href":"https:\/\/www.cronacaonline.it\/index.php\/wp-json\/wp\/v2\/posts\/64315\/revisions"}],"wp:featuredmedia":[{"embeddable":true,"href":"https:\/\/www.cronacaonline.it\/index.php\/wp-json\/"}],"wp:attachment":[{"href":"https:\/\/www.cronacaonline.it\/index.php\/wp-json\/wp\/v2\/media?parent=64315"}],"wp:term":[{"taxonomy":"category","embeddable":true,"href":"https:\/\/www.cronacaonline.it\/index.php\/wp-json\/wp\/v2\/categories?post=64315"},{"taxonomy":"post_tag","embeddable":true,"href":"https:\/\/www.cronacaonline.it\/index.php\/wp-json\/wp\/v2\/tags?post=64315"}],"curies":[{"name":"wp","href":"https:\/\/api.w.org\/{rel}","templated":true}]}}