{"id":64275,"date":"2011-01-31T00:00:00","date_gmt":"2011-01-30T23:00:00","guid":{"rendered":"http:\/\/www.cronacaonline.it\/public\/content\/index.php\/2011\/01\/31\/lavoro-a-breve-i-nuovi-criteri-per-la-formazione-professionale\/"},"modified":"2011-01-31T00:00:00","modified_gmt":"2011-01-30T23:00:00","slug":"lavoro-a-breve-i-nuovi-criteri-per-la-formazione-professionale","status":"publish","type":"post","link":"https:\/\/www.cronacaonline.it\/index.php\/2011\/01\/31\/lavoro-a-breve-i-nuovi-criteri-per-la-formazione-professionale\/","title":{"rendered":"Lavoro: a breve i nuovi criteri per la formazione professionale"},"content":{"rendered":"<p><SPAN style=\"LINE-HEIGHT: 115%; FONT-FAMILY: 'Verdana', 'sans-serif'; FONT-SIZE: 10pt\">\u201cLa mappa della formazione professionale sar\u00e0 presto ridisegnata\u201d. Parola dell\u2019assessore regionale del lavoro Franco Manca. Nei suoi uffici si sta infatti lavorando alla rapida definizione dei criteri per l\u2019accreditamento degli Enti candidati a gestire un settore che si configura come centrale rispetto alle politiche attive del lavoro sostenute dal componente della Giunta Cappellacci.<\/SPAN><SPAN style=\"LINE-HEIGHT: 115%; FONT-FAMILY: 'Verdana', 'sans-serif'; FONT-SIZE: 8.5pt\"><\/SPAN><\/p>\n<p><SPAN style=\"LINE-HEIGHT: 115%; FONT-FAMILY: 'Verdana', 'sans-serif'; FONT-SIZE: 10pt\">Convinto che solo competenze certificate rispetto alle esigenze del mercato possano rendere concorrenziale la domanda di lavoro, l\u2019assessore vuole puntare su qualit\u00e0, seriet\u00e0 ed efficienza. Si terr\u00e0 anche conto dell\u2019esperienza maturata sul campo. Per il raggiungimento di questa finalit\u00e0 ha deciso di procedere con l\u2019apertura di tavoli di concertazione con le associazione delle agenzie formative. L\u2019obiettivo \u00e8 quello di giungere alla condivisione di un modello che interpreti sia la volont\u00e0 dell\u2019Unione europea in materia di formazione, che le esigenze di cambiamento imposte dai tempi.<\/SPAN><SPAN style=\"LINE-HEIGHT: 115%; FONT-FAMILY: 'Verdana', 'sans-serif'; FONT-SIZE: 8.5pt\"><\/SPAN><\/p>\n<p><SPAN style=\"LINE-HEIGHT: 115%; FONT-FAMILY: 'Verdana', 'sans-serif'; FONT-SIZE: 10pt\">\u201cI processi di accreditamento \u2013 sottolinea a proposito Manca&nbsp;&nbsp;\u2013 saranno effettuati in maniera molto severa, con la finalit\u00e0 di valorizzare e salvaguardare la qualit\u00e0 formativa e di assicurare che le risorse pubbliche siano ben utilizzate. Niente hanno quindi da temere coloro che hanno finora operato secondo questa linea di condotta. Abbiamo soprattutto bisogno di un sistema della formazione che sia affidabile\u201d.<\/SPAN><SPAN style=\"LINE-HEIGHT: 115%; FONT-FAMILY: 'Verdana', 'sans-serif'; FONT-SIZE: 8.5pt\"><\/SPAN><\/p>\n<p><SPAN style=\"LINE-HEIGHT: 115%; FONT-FAMILY: 'Verdana', 'sans-serif'; FONT-SIZE: 10pt\"><A href=\"javascript:mails_addtocal(1,%22Oggi%22);\"><SPAN style=\"COLOR: #ff8000\">Oggi<\/SPAN><\/A>&nbsp;gli enti accreditati (i precedenti criteri sono stati adottati nel 2005) sono 180. Un numero rispetto al quale si impone una selezione basata su parametri rigorosi e oggettivi e affidata a un settore specifico della struttura regionale; quest\u2019ultimo dovr\u00e0 essere capace di richiedere non soltanto il rispetto dei requisiti di base, ma anche di valutarli e monitorali. Tra i criteri fondamentali: gli aspetti strutturali e logistici dei luoghi destinati alla formazione, una qualit\u00e0 didattica certificata e riconoscibile e, a maggior garanzia, gli assetti economici degli Enti che intendono erogare i servizi, oltre che una stabile relazione con il territorio. A proposito l\u2019assessore Franco Manca ribadisce: \u201cL\u2019obiettivo prioritario del nuovo modello di accreditamento \u00e8 quello di crear un sistema realmente selettivo che garantisca la qualit\u00e0 delle prestazioni dei soggetti erogatori, accresca la trasparenza e la coerenza delle politiche in materia di formazione professionale, definisca e renda misurabili i dati qualitativi nel processo di valutazione\u201d.&nbsp;Gli investimenti impegnati per la formazione professionale ammontano complessivamente a 160 milioni di euro. Red<\/SPAN><\/p>\n","protected":false},"excerpt":{"rendered":"<p>\u201cLa mappa della formazione professionale sar\u00e0 presto ridisegnata\u201d. Parola dell\u2019assessore regionale del lavoro Franco Manca. Nei suoi uffici si sta infatti lavorando alla rapida definizione&#8230;<\/p>\n","protected":false},"author":2,"featured_media":0,"comment_status":"closed","ping_status":"closed","sticky":false,"template":"","format":"standard","meta":[],"categories":[49],"tags":[],"_links":{"self":[{"href":"https:\/\/www.cronacaonline.it\/index.php\/wp-json\/wp\/v2\/posts\/64275"}],"collection":[{"href":"https:\/\/www.cronacaonline.it\/index.php\/wp-json\/wp\/v2\/posts"}],"about":[{"href":"https:\/\/www.cronacaonline.it\/index.php\/wp-json\/wp\/v2\/types\/post"}],"author":[{"embeddable":true,"href":"https:\/\/www.cronacaonline.it\/index.php\/wp-json\/wp\/v2\/users\/2"}],"replies":[{"embeddable":true,"href":"https:\/\/www.cronacaonline.it\/index.php\/wp-json\/wp\/v2\/comments?post=64275"}],"version-history":[{"count":0,"href":"https:\/\/www.cronacaonline.it\/index.php\/wp-json\/wp\/v2\/posts\/64275\/revisions"}],"wp:attachment":[{"href":"https:\/\/www.cronacaonline.it\/index.php\/wp-json\/wp\/v2\/media?parent=64275"}],"wp:term":[{"taxonomy":"category","embeddable":true,"href":"https:\/\/www.cronacaonline.it\/index.php\/wp-json\/wp\/v2\/categories?post=64275"},{"taxonomy":"post_tag","embeddable":true,"href":"https:\/\/www.cronacaonline.it\/index.php\/wp-json\/wp\/v2\/tags?post=64275"}],"curies":[{"name":"wp","href":"https:\/\/api.w.org\/{rel}","templated":true}]}}