{"id":64267,"date":"2011-01-28T00:00:00","date_gmt":"2011-01-27T23:00:00","guid":{"rendered":"http:\/\/www.cronacaonline.it\/public\/content\/index.php\/2011\/01\/28\/lavoro-allasl-di-cagliari-i-cassintegrati-di-guspini-per-la-vita\/"},"modified":"2011-01-28T00:00:00","modified_gmt":"2011-01-27T23:00:00","slug":"lavoro-allasl-di-cagliari-i-cassintegrati-di-guspini-per-la-vita","status":"publish","type":"post","link":"https:\/\/www.cronacaonline.it\/index.php\/2011\/01\/28\/lavoro-allasl-di-cagliari-i-cassintegrati-di-guspini-per-la-vita\/","title":{"rendered":"Lavoro &#8211; All&#8217;Asl di Cagliari i cassintegrati di &#8220;Guspini per la vita&#8221;"},"content":{"rendered":"<p><SPAN style=\"FONT-FAMILY: 'Arial', 'sans-serif'; COLOR: black; FONT-SIZE: 10pt; mso-fareast-font-family: 'Times New Roman'; mso-fareast-language: IT\">I lavoratori della Fondazione \u201cGuspini per la vita\u201d, momentaneamente in cassa integrazione, saranno utilizzati dall\u2019Asl di Cagliari. E\u2019 l\u2019esito dell\u2019Accordo quadro che \u00e8 stato siglato stamane nella sede dell\u2019assessorato regionale del lavoro. Il provvedimento, che vede come primo firmatario l\u2019assessore Franco Manca, \u00e8 stato sottoscritto dal commissario della Fondazione, dai rappresentanti dell\u2019Asl, delle province di Cagliari e del Medio Campidano, dell\u2019Agenzia del Lavoro e delle segreterie regionali e territoriali di Cgil, Cisl e Uil.<\/SPAN><SPAN style=\"FONT-FAMILY: 'Times New Roman', 'serif'; COLOR: black; FONT-SIZE: 8.5pt; mso-fareast-font-family: 'Times New Roman'; mso-fareast-language: IT\"><\/SPAN><\/p>\n<p><SPAN style=\"FONT-FAMILY: 'Arial', 'sans-serif'; COLOR: black; FONT-SIZE: 10pt; mso-fareast-font-family: 'Times New Roman'; mso-fareast-language: IT\">\u201cL\u2019accordo \u2013 ha evidenziato il componente della Giunta Cappellacci \u2013 ha la finalit\u00e0 di garantire a ogni singolo lavoratore l\u2019erogazione di un bonus economico di utilizzo finalizzato a garantire livelli di vita compatibili con la dignit\u00e0 umana e, in prospettiva, possibili ricollocazioni nel mercato del lavoro\u201d.<\/SPAN><SPAN style=\"FONT-FAMILY: 'Times New Roman', 'serif'; COLOR: black; FONT-SIZE: 8.5pt; mso-fareast-font-family: 'Times New Roman'; mso-fareast-language: IT\"><\/SPAN><\/p>\n<p><SPAN style=\"FONT-FAMILY: 'Arial', 'sans-serif'; COLOR: black; FONT-SIZE: 10pt; mso-fareast-font-family: 'Times New Roman'; mso-fareast-language: IT\">Il reddito gi\u00e0 derivante dal trattamento di cassa integrazione sar\u00e0 cos\u00ec incrementato fino al raggiungimento di mille euro lordi mensili. E\u2019 inoltre previsto che l\u2019inserimento occupazionale venga completato con percorsi di aggiornamento professionale.<\/SPAN><SPAN style=\"FONT-FAMILY: 'Times New Roman', 'serif'; COLOR: black; FONT-SIZE: 8.5pt; mso-fareast-font-family: 'Times New Roman'; mso-fareast-language: IT\"><\/SPAN><\/p>\n<p><SPAN style=\"FONT-FAMILY: 'Arial', 'sans-serif'; COLOR: black; FONT-SIZE: 10pt; mso-fareast-font-family: 'Times New Roman'; mso-fareast-language: IT\">A margine dell\u2019incontro l\u2019assessore Manca ha anche inteso evidenziare la necessit\u00e0 che si provveda alla definizione di un Accordo quadro che contempli non le singole emergenze occupazionali, ma interessi tutto il settore socio-sanitario: \u201cPer raggiungere una migliore efficacia di questi interventi, sarebbe auspicabile che simili procedure venissero rappresentate da un unico interlocutore, in grado di farsi portavoce delle situazioni di difficolt\u00e0 complessive\u201d.<\/SPAN><SPAN style=\"FONT-FAMILY: 'Times New Roman', 'serif'; COLOR: black; FONT-SIZE: 8.5pt; mso-fareast-font-family: 'Times New Roman'; mso-fareast-language: IT\"><\/SPAN><\/p>\n<p><SPAN style=\"LINE-HEIGHT: 115%; FONT-FAMILY: 'Arial', 'sans-serif'; COLOR: black; FONT-SIZE: 10pt; mso-fareast-font-family: 'Times New Roman'; mso-fareast-language: IT\">Il rapporto di utilizzazione cos\u00ec siglato (conseguente alla proroga degli ammortizzatori sociali riconosciuta dall\u2019Accordo quadro del 14 gennaio scorso), ha come scadenza il 31 dicembre 2011; potr\u00e0 essere rinnovato per l\u2019anno successivo attraverso la stipula di un atto analogo.&nbsp;Red<\/SPAN><\/p>\n<p><SPAN style=\"LINE-HEIGHT: 115%; FONT-FAMILY: 'Arial', 'sans-serif'; COLOR: black; FONT-SIZE: 10pt; mso-fareast-font-family: 'Times New Roman'; mso-fareast-language: IT\"><\/SPAN>&nbsp;<\/p>\n<p><SPAN style=\"LINE-HEIGHT: 115%; FONT-FAMILY: 'Arial', 'sans-serif'; COLOR: black; FONT-SIZE: 10pt; mso-fareast-font-family: 'Times New Roman'; mso-fareast-language: IT\"><\/SPAN>&nbsp;<\/p>\n","protected":false},"excerpt":{"rendered":"<p>I lavoratori della Fondazione \u201cGuspini per la vita\u201d, momentaneamente in cassa integrazione, saranno utilizzati dall\u2019Asl di Cagliari. E\u2019 l\u2019esito dell\u2019Accordo quadro che \u00e8 stato siglato&#8230;<\/p>\n","protected":false},"author":2,"featured_media":0,"comment_status":"closed","ping_status":"closed","sticky":false,"template":"","format":"standard","meta":[],"categories":[49],"tags":[],"_links":{"self":[{"href":"https:\/\/www.cronacaonline.it\/index.php\/wp-json\/wp\/v2\/posts\/64267"}],"collection":[{"href":"https:\/\/www.cronacaonline.it\/index.php\/wp-json\/wp\/v2\/posts"}],"about":[{"href":"https:\/\/www.cronacaonline.it\/index.php\/wp-json\/wp\/v2\/types\/post"}],"author":[{"embeddable":true,"href":"https:\/\/www.cronacaonline.it\/index.php\/wp-json\/wp\/v2\/users\/2"}],"replies":[{"embeddable":true,"href":"https:\/\/www.cronacaonline.it\/index.php\/wp-json\/wp\/v2\/comments?post=64267"}],"version-history":[{"count":0,"href":"https:\/\/www.cronacaonline.it\/index.php\/wp-json\/wp\/v2\/posts\/64267\/revisions"}],"wp:attachment":[{"href":"https:\/\/www.cronacaonline.it\/index.php\/wp-json\/wp\/v2\/media?parent=64267"}],"wp:term":[{"taxonomy":"category","embeddable":true,"href":"https:\/\/www.cronacaonline.it\/index.php\/wp-json\/wp\/v2\/categories?post=64267"},{"taxonomy":"post_tag","embeddable":true,"href":"https:\/\/www.cronacaonline.it\/index.php\/wp-json\/wp\/v2\/tags?post=64267"}],"curies":[{"name":"wp","href":"https:\/\/api.w.org\/{rel}","templated":true}]}}