{"id":64265,"date":"2011-01-31T00:00:00","date_gmt":"2011-01-30T23:00:00","guid":{"rendered":"http:\/\/www.cronacaonline.it\/public\/content\/index.php\/2011\/01\/31\/il-re-e-questa-volta-veramente-nudo\/"},"modified":"2011-01-31T00:00:00","modified_gmt":"2011-01-30T23:00:00","slug":"il-re-e-questa-volta-veramente-nudo","status":"publish","type":"post","link":"https:\/\/www.cronacaonline.it\/index.php\/2011\/01\/31\/il-re-e-questa-volta-veramente-nudo\/","title":{"rendered":"Il re \u00e8 questa volta veramente nudo"},"content":{"rendered":"<p><SPAN class=apple-style-span><SPAN style=\"LINE-HEIGHT: 115%; FONT-FAMILY: 'Verdana', 'sans-serif'; COLOR: black; FONT-SIZE: 12pt\">Il cavaliere ormai non pare pi\u00f9 solo \"maskarato\" ma pare ormai alla frutta. Per\u00f2 la storia ultima italiana ci insegna a \"non dire&nbsp;mai gatto se nel sacco non c'\u00e8 l'hai\". E il re di \"hardArcore\" come ha dimostrato pi\u00f9 volte di vite politiche ne ha tante. Ma questa volta gli italiani cominciano a capire che il re e veramente nudo. E le 'mantegane' che hanno circondato e beatificato il capo finora, cominciano a sentire il fondo del mare che si avvicina e lasciano la nave del comandante in disgrazia. E il cavaliere in questi giorni, rimasto chiuso nei suoi castelli dorati, si \u00e8 reso conto che tutti i famigli gli stavano forse voltando le spalle e quindi non gli \u00e8 rimasto altro che chiudere aiuto per salvarlo a quel comunista, mangia bambini e capo delle procure rosse, che ultimamente gli \u00e8 stato affiancato dal premier Fini, Bersani. <\/SPAN><\/SPAN><\/p>\n<p><SPAN class=apple-style-span><SPAN style=\"LINE-HEIGHT: 115%; FONT-FAMILY: 'Verdana', 'sans-serif'; COLOR: black; FONT-SIZE: 12pt\">Quindi chiaramente Berlusconi \u00e8 in difficolt\u00e0 e questo \u00e8 ormai assodato. E questo fatto lo si evince dal contenuto e la forma della sua lettera pubblicata oggi sul Corriere della Sera e indirizzata al segretario del Pd Pier Luigi Bersani.<\/SPAN><\/SPAN><SPAN class=apple-converted-space><SPAN style=\"LINE-HEIGHT: 115%; FONT-FAMILY: 'Verdana', 'sans-serif'; COLOR: black; FONT-SIZE: 12pt\">&nbsp;<\/SPAN><\/SPAN><\/p>\n<p><SPAN class=apple-style-span><SPAN style=\"LINE-HEIGHT: 115%; FONT-FAMILY: 'Verdana', 'sans-serif'; COLOR: black; FONT-SIZE: 12pt\">Si potr\u00e0 anche ironizzare su certe espressioni del premier, arrivate dopo giorni di verbali a luci rosse. Cos\u00ec come quando scrive di voler dare una \"frustata\" all'Italia oppure di non amare la \"botta secca\" per il Paese.<\/SPAN><\/SPAN><\/p>\n<p><SPAN style=\"LINE-HEIGHT: 115%; FONT-FAMILY: 'Verdana', 'sans-serif'; FONT-SIZE: 12pt\"><BR><SPAN class=apple-style-span><SPAN style=\"COLOR: black\">Ma gli elementi che pi\u00f9 fanno riflettere della lettera politica e programmatica di Berlusconi sono altri. Il presidente del Consiglio invita il leader dell'opposizione a stringere un patto bipartisan per far ripartire l'economia, ma lo fa fuori tempo massimo. Gi\u00e0 mesi, ormai anni fa, era stato proprio Bersani a spronare l'esecutivo a darsi da fare per l'economia stagnante dell'Italia. E Berlusconi aveva sempre risposto parlando d'altro, di un'economia in salute o di giudici che lo perseguitavano.<\/SPAN><\/SPAN><\/SPAN><\/p>\n<p><SPAN class=apple-style-span><SPAN style=\"LINE-HEIGHT: 115%; FONT-FAMILY: 'Verdana', 'sans-serif'; COLOR: black; FONT-SIZE: 12pt\">Ma non solo. Berlusconi nella sua lettera arriva a blandire Bersani (\"uomo dalla cultura pragmatica dell'emiliano\") dopo avergliene dette di tutti i colori in passato. E quello che appare pi\u00f9 beffardo \u00e8 il richiamo e l'invito a riprendere il processo di liberalizzazione dell'economia italiana che proprio Bersani aveva avviato da ministro dell'Economia (dalla portabilit\u00e0 dei mutui senza spese agli interventi sulle professioni) e che Berlusconi e i suoi alleati, allora all'opposizione, avevano osteggiato in tutti i modi. Il Paese e i cittadini romani in particolare non potranno dimenticare, ad esempio, le proterve manifestazioni dei tassisti che osteggiavano le proposte di Bersani.<\/SPAN><\/SPAN><\/p>\n<p><SPAN class=apple-style-span><SPAN style=\"LINE-HEIGHT: 115%; FONT-FAMILY: 'Verdana', 'sans-serif'; COLOR: black; FONT-SIZE: 12pt\">Insomma, un Berlusconi che si riscopre liberale e favorevole alle liberalizzazioni oltre ogni possibile credibilit\u00e0, un Berlusconi che lusinga Bersani dopo averlo insultato a pi\u00f9 riprese, un Berlusconi che invoca la collaborazione parlamentare dopo aver a lungo ignorato il Parlamento, un Berlusconi che si richiama a Napolitano dopo averlo aggredito in diverse occasioni, appare un Berlusconi in grande difficolt\u00e0.<\/SPAN><\/SPAN><SPAN class=apple-converted-space><SPAN style=\"LINE-HEIGHT: 115%; FONT-FAMILY: 'Verdana', 'sans-serif'; COLOR: black; FONT-SIZE: 12pt\">&nbsp;<\/SPAN><\/SPAN><\/SPAN><\/p>\n","protected":false},"excerpt":{"rendered":"<p>Il cavaliere ormai non pare pi\u00f9 solo &#8220;maskarato&#8221; ma pare ormai alla frutta. Per\u00f2 la storia ultima italiana ci insegna a &#8220;non dire&nbsp;mai gatto se&#8230;<\/p>\n","protected":false},"author":2,"featured_media":8413,"comment_status":"closed","ping_status":"closed","sticky":false,"template":"","format":"standard","meta":[],"categories":[49],"tags":[],"_links":{"self":[{"href":"https:\/\/www.cronacaonline.it\/index.php\/wp-json\/wp\/v2\/posts\/64265"}],"collection":[{"href":"https:\/\/www.cronacaonline.it\/index.php\/wp-json\/wp\/v2\/posts"}],"about":[{"href":"https:\/\/www.cronacaonline.it\/index.php\/wp-json\/wp\/v2\/types\/post"}],"author":[{"embeddable":true,"href":"https:\/\/www.cronacaonline.it\/index.php\/wp-json\/wp\/v2\/users\/2"}],"replies":[{"embeddable":true,"href":"https:\/\/www.cronacaonline.it\/index.php\/wp-json\/wp\/v2\/comments?post=64265"}],"version-history":[{"count":0,"href":"https:\/\/www.cronacaonline.it\/index.php\/wp-json\/wp\/v2\/posts\/64265\/revisions"}],"wp:featuredmedia":[{"embeddable":true,"href":"https:\/\/www.cronacaonline.it\/index.php\/wp-json\/"}],"wp:attachment":[{"href":"https:\/\/www.cronacaonline.it\/index.php\/wp-json\/wp\/v2\/media?parent=64265"}],"wp:term":[{"taxonomy":"category","embeddable":true,"href":"https:\/\/www.cronacaonline.it\/index.php\/wp-json\/wp\/v2\/categories?post=64265"},{"taxonomy":"post_tag","embeddable":true,"href":"https:\/\/www.cronacaonline.it\/index.php\/wp-json\/wp\/v2\/tags?post=64265"}],"curies":[{"name":"wp","href":"https:\/\/api.w.org\/{rel}","templated":true}]}}