{"id":64247,"date":"2011-01-27T00:00:00","date_gmt":"2011-01-26T23:00:00","guid":{"rendered":"http:\/\/www.cronacaonline.it\/public\/content\/index.php\/2011\/01\/27\/isola-che-danza-e-carnevale-assessore-crisponi-cuore-e-tradizione-della-sardegna-passione-e-identita-della-nostra-isola-sotto-questi-segni-continua-il-percorso\/"},"modified":"2011-01-27T00:00:00","modified_gmt":"2011-01-26T23:00:00","slug":"isola-che-danza-e-carnevale-assessore-crisponi-cuore-e-tradizione-della-sardegna-passione-e-identita-della-nostra-isola-sotto-questi-segni-continua-il-percorso","status":"publish","type":"post","link":"https:\/\/www.cronacaonline.it\/index.php\/2011\/01\/27\/isola-che-danza-e-carnevale-assessore-crisponi-cuore-e-tradizione-della-sardegna-passione-e-identita-della-nostra-isola-sotto-questi-segni-continua-il-percorso\/","title":{"rendered":"Isola che danza e Carnevale &#8211; Assessore Crisponi: &#8220;Cuore e tradizione della Sardegna, passione e identit\u00e0 della nostra Isola: sotto questi segni continua il percorso&#8221;."},"content":{"rendered":"<p><SPAN style=\"FONT-FAMILY: 'Verdana', 'sans-serif'; mso-bidi-font-family: Verdana\">L'assessore regionale del Turismo, Artigianato e Commercio, Luigi Crisponi, in apertura dell'incontro avuto con sindaci e assessori competenti dei comuni coinvolti nel programma di festeggiamenti del Carnevale per fare il punto sull'organizzazione dell'evento, ha dichiarato: \"Cuore e tradizione della Sardegna, passione e identit\u00e0 della nostra Isola: sotto questi segni continua il percorso dell\u2019Isola che Danza\". <\/SPAN><\/p>\n<p><SPAN style=\"FONT-FAMILY: 'Verdana', 'sans-serif'; mso-bidi-font-family: Verdana\">\"Ora \u00e8 il turno del Carnevale, - ha proseguito l'assessore - che gi\u00e0 sta riscuotendo un ottimo successo: siamo arrivati a quota 38 comuni che si sono uniti al \u2018brand\u2019 istituzionale, sotto l'egida e il coordinamento della Regione, che \u00e8 al fianco e supporta gli amministratori locali che custodiscono, riscoprono e valorizzano le risorse della loro tradizione. Esprimiamo, quindi, piena soddisfazione per la loro collaborazione e il loro coinvolgimento, una chiara dimostrazione di come funzioni bene la cabina di reg\u00eca, esempio perfetto di governance istituzionale\". <\/SPAN><\/p>\n<p><SPAN style=\"FONT-FAMILY: 'Verdana', 'sans-serif'; mso-bidi-font-family: Verdana\">\"Ogni evento, comune e territorio sono uniti da un comune simbolico cuore \u2013 ha proseguito Crisponi \u2013, che concorrer\u00e0 a rinnovare il sentimento di identit\u00e0 della nostra terra e ci permetter\u00e0 cos\u00ec di realizzare attivit\u00e0 di promozione sempre pi\u00f9 d\u2019effetto, tali da infondere nuovi impulsi ai comuni interessati\".<\/SPAN><\/p>\n<p><SPAN style=\"FONT-FAMILY: 'Verdana', 'sans-serif'; mso-bidi-font-family: Verdana\">\"Il patrimonio di cultura e identit\u00e0 che questi eventi sprigionano - ha affermato l'assessore al Turismo - sono stati promossi e apprezzati anche nelle grandi fiere internazionali, dove siamo stati (e saremo) protagonisti con la nostra offerta turistica, fatta di bellezze naturali, cultura, tradizione ed enogastronomia, in giro per tutta Europa (Utrecht, Vienna, Oslo, Stoccarda, Madrid, Bruxelles, Praga e Dublino, in ordine progressivo di date). Stiamo, dunque esportando i valori della nostra terra, all\u2019interno dei quali si celano veri e propri tesori, aspetti dal forte richiamo turistico\u201d. <\/SPAN><\/p>\n<p><SPAN style=\"FONT-FAMILY: 'Verdana', 'sans-serif'; mso-bidi-font-family: Verdana\">Crisponi ha poi annunciato che, parallelamente alla campagna promozionale regionale, a breve sar\u00e0 attivata una comunicazione istituzionale dai toni fortemente identitari anche sul territorio nazionale. Red.<\/SPAN><SPAN style=\"FONT-FAMILY: 'Verdana', 'sans-serif'; mso-bidi-font-family: Verdana; mso-ansi-language: #0010\" lang=it><\/SPAN><\/p>\n","protected":false},"excerpt":{"rendered":"<p>L&#8217;assessore regionale del Turismo, Artigianato e Commercio, Luigi Crisponi, in apertura dell&#8217;incontro avuto con sindaci e assessori competenti dei comuni coinvolti nel programma di festeggiamenti&#8230;<\/p>\n","protected":false},"author":2,"featured_media":0,"comment_status":"closed","ping_status":"closed","sticky":false,"template":"","format":"standard","meta":[],"categories":[49],"tags":[],"_links":{"self":[{"href":"https:\/\/www.cronacaonline.it\/index.php\/wp-json\/wp\/v2\/posts\/64247"}],"collection":[{"href":"https:\/\/www.cronacaonline.it\/index.php\/wp-json\/wp\/v2\/posts"}],"about":[{"href":"https:\/\/www.cronacaonline.it\/index.php\/wp-json\/wp\/v2\/types\/post"}],"author":[{"embeddable":true,"href":"https:\/\/www.cronacaonline.it\/index.php\/wp-json\/wp\/v2\/users\/2"}],"replies":[{"embeddable":true,"href":"https:\/\/www.cronacaonline.it\/index.php\/wp-json\/wp\/v2\/comments?post=64247"}],"version-history":[{"count":0,"href":"https:\/\/www.cronacaonline.it\/index.php\/wp-json\/wp\/v2\/posts\/64247\/revisions"}],"wp:attachment":[{"href":"https:\/\/www.cronacaonline.it\/index.php\/wp-json\/wp\/v2\/media?parent=64247"}],"wp:term":[{"taxonomy":"category","embeddable":true,"href":"https:\/\/www.cronacaonline.it\/index.php\/wp-json\/wp\/v2\/categories?post=64247"},{"taxonomy":"post_tag","embeddable":true,"href":"https:\/\/www.cronacaonline.it\/index.php\/wp-json\/wp\/v2\/tags?post=64247"}],"curies":[{"name":"wp","href":"https:\/\/api.w.org\/{rel}","templated":true}]}}