{"id":64231,"date":"2011-01-14T00:00:00","date_gmt":"2011-01-13T23:00:00","guid":{"rendered":"http:\/\/www.cronacaonline.it\/public\/content\/index.php\/2011\/01\/14\/confindustria-rinnovo-degli-ammortizzatori-in-deroga-notizia-positiva-per-il-sistema-produttivo-regionale\/"},"modified":"2011-01-14T00:00:00","modified_gmt":"2011-01-13T23:00:00","slug":"confindustria-rinnovo-degli-ammortizzatori-in-deroga-notizia-positiva-per-il-sistema-produttivo-regionale","status":"publish","type":"post","link":"https:\/\/www.cronacaonline.it\/index.php\/2011\/01\/14\/confindustria-rinnovo-degli-ammortizzatori-in-deroga-notizia-positiva-per-il-sistema-produttivo-regionale\/","title":{"rendered":"Confindustria &#8211; Rinnovo degli Ammortizzatori in deroga: notizia positiva per il sistema produttivo regionale."},"content":{"rendered":"<p><SPAN style=\"LINE-HEIGHT: 115%; FONT-FAMILY: 'Verdana', 'sans-serif'; FONT-SIZE: 12pt; mso-ansi-language: #0010\" lang=it>Il Presidente degli Industriali regionali, Massimo Putzu, ha espresso il plauso della Confindustria sarda per la firma dell\u2019accordo istituzionale per la proroga e la prima concessione degli ammortizzatori sociali in deroga per l\u2019anno 2011. <\/SPAN><\/p>\n<p><SPAN style=\"LINE-HEIGHT: 115%; FONT-FAMILY: 'Verdana', 'sans-serif'; FONT-SIZE: 12pt; mso-ansi-language: #0010\" lang=it>\u201cL\u2019accordo siglato oggi rappresenta sicuramente una notizia positiva per il sistema produttivo regionale. La crisi \u00e8 lungi dall\u2019essere superata ed \u00e8 quindi importante poter disporre tempestivamente di tutti gli strumenti necessari a fronteggiarla dotandoli di adeguate risorse\u201d. <\/SPAN><\/p>\n<p><SPAN style=\"LINE-HEIGHT: 115%; FONT-FAMILY: 'Verdana', 'sans-serif'; FONT-SIZE: 12pt; mso-ansi-language: #0010\" lang=it>\u201cL\u2019Assessorato \u00e8 riuscito ad anticipare la firma dell\u2019accordo rispetto allo scorso <\/SPAN><SPAN style=\"LINE-HEIGHT: 115%; FONT-FAMILY: 'Verdana', 'sans-serif'; FONT-SIZE: 12pt; mso-ansi-language: #0010\" lang=it>anno e ci\u00f2 dovrebbe consentire di rispondere pi\u00f9 prontamente alle necessit\u00e0 delle imprese e dei lavoratori sardi che si trovano in situazione di difficolt\u00e0 e spendere le importanti risorse gi\u00e0 disponibili\u201d ha proseguito il Presidente della Confindustria Sardegna. <\/SPAN><\/p>\n<p><SPAN style=\"LINE-HEIGHT: 115%; FONT-FAMILY: 'Verdana', 'sans-serif'; FONT-SIZE: 12pt; mso-ansi-language: #0010\" lang=it>\u201cDobbiamo per\u00f2 essere consapevoli che questa misura non pu\u00f2 rimanere isolata, ma va inserita all\u2019interno di un sistema del welfare regionale che va adeguato ai tempi e dove ogni componente deve funzionare in maniera integrata ed efficiente\u201d. <\/SPAN><\/p>\n<p><SPAN style=\"LINE-HEIGHT: 115%; FONT-FAMILY: 'Verdana', 'sans-serif'; FONT-SIZE: 12pt; mso-ansi-language: #0010\" lang=it>\u201cDa questo punto di vista la promessa dell\u2019Assessore di lavorare per una <\/SPAN><SPAN style=\"LINE-HEIGHT: 115%; FONT-FAMILY: 'Verdana', 'sans-serif'; FONT-SIZE: 12pt; mso-ansi-language: #0010\" lang=it>semplificazione ed un riordino<SPAN style=\"mso-spacerun: yes\">&nbsp; <\/SPAN>complessivo va tenuta in seria considerazione. Le imprese hanno la necessit\u00e0 di poter contare<SPAN style=\"mso-spacerun: yes\">&nbsp; <\/SPAN>su un mercato del lavoro in grado di funzionare senza colli di bottiglia, rimuovendo le attuali inefficienze\u201d ha concluso Massimo Putzu. Red<\/SPAN><\/p>\n<p><B style=\"mso-bidi-font-weight: normal\"><SPAN style=\"FONT-FAMILY: 'Verdana', 'sans-serif'; mso-bidi-font-family: Verdana; mso-ansi-language: #0010\" lang=it>&nbsp;<\/SPAN><\/B><\/p>\n","protected":false},"excerpt":{"rendered":"<p>Il Presidente degli Industriali regionali, Massimo Putzu, ha espresso il plauso della Confindustria sarda per la firma dell\u2019accordo istituzionale per la proroga e la prima&#8230;<\/p>\n","protected":false},"author":2,"featured_media":0,"comment_status":"closed","ping_status":"closed","sticky":false,"template":"","format":"standard","meta":[],"categories":[49],"tags":[],"_links":{"self":[{"href":"https:\/\/www.cronacaonline.it\/index.php\/wp-json\/wp\/v2\/posts\/64231"}],"collection":[{"href":"https:\/\/www.cronacaonline.it\/index.php\/wp-json\/wp\/v2\/posts"}],"about":[{"href":"https:\/\/www.cronacaonline.it\/index.php\/wp-json\/wp\/v2\/types\/post"}],"author":[{"embeddable":true,"href":"https:\/\/www.cronacaonline.it\/index.php\/wp-json\/wp\/v2\/users\/2"}],"replies":[{"embeddable":true,"href":"https:\/\/www.cronacaonline.it\/index.php\/wp-json\/wp\/v2\/comments?post=64231"}],"version-history":[{"count":0,"href":"https:\/\/www.cronacaonline.it\/index.php\/wp-json\/wp\/v2\/posts\/64231\/revisions"}],"wp:attachment":[{"href":"https:\/\/www.cronacaonline.it\/index.php\/wp-json\/wp\/v2\/media?parent=64231"}],"wp:term":[{"taxonomy":"category","embeddable":true,"href":"https:\/\/www.cronacaonline.it\/index.php\/wp-json\/wp\/v2\/categories?post=64231"},{"taxonomy":"post_tag","embeddable":true,"href":"https:\/\/www.cronacaonline.it\/index.php\/wp-json\/wp\/v2\/tags?post=64231"}],"curies":[{"name":"wp","href":"https:\/\/api.w.org\/{rel}","templated":true}]}}