{"id":64227,"date":"2011-01-31T00:00:00","date_gmt":"2011-01-30T23:00:00","guid":{"rendered":"http:\/\/www.cronacaonline.it\/public\/content\/index.php\/2011\/01\/31\/carboni-fortza-paris-il-futuro-di-macchiareddu-e-nelle-mani-della-politica-e-dei-sindacati\/"},"modified":"2011-01-31T00:00:00","modified_gmt":"2011-01-30T23:00:00","slug":"carboni-fortza-paris-il-futuro-di-macchiareddu-e-nelle-mani-della-politica-e-dei-sindacati","status":"publish","type":"post","link":"https:\/\/www.cronacaonline.it\/index.php\/2011\/01\/31\/carboni-fortza-paris-il-futuro-di-macchiareddu-e-nelle-mani-della-politica-e-dei-sindacati\/","title":{"rendered":"Carboni (Fortza Paris): &#8220;Il futuro di Macchiareddu \u00e8 nelle mani della politica e dei sindacati&#8221;."},"content":{"rendered":"<p><SPAN style=\"FONT-FAMILY: 'Verdana', 'sans-serif'; mso-bidi-font-family: Verdana; mso-ansi-language: #03FF\">Massimo Carboni, Segretario Cittadino di Fortza Paris, in merito alla situazione di Macchiareddu, ha dichiarato: \"Il Consiglio regionale non pu\u00f2 vestire i panni di Ponzio Pilato. Occorre procedere all'immediata attuazione della Zona franca con la spinta decisa dei sindacati\".<\/SPAN><\/p>\n<p><SPAN style=\"FONT-FAMILY: 'Verdana', 'sans-serif'; mso-bidi-font-family: Verdana; mso-ansi-language: #03FF\">&nbsp;<\/SPAN><\/p>\n<p><SPAN style=\"FONT-FAMILY: 'Verdana', 'sans-serif'; mso-bidi-font-family: Verdana; mso-ansi-language: #03FF\">\"L'industria chimica - ha proseguito Carboni - avrebbe dovuto garantire un processo rivoluzionario, incentrato in una forma di sviluppo e di benessere innovativo e duraturo. Il risultato \u00e8 stato il totale fallimento delle aziende e del progetto di politica economica ad esse collegato. Ci\u00f2 che rimane \u00e8 un'area inquinata, gravemente compromessa. I responsabili non possono continuare a fingere, devono trovare la via d'uscita dal danno che i loro predecessori hanno contribuito a cagionare\". <\/SPAN><\/p>\n<p><SPAN style=\"FONT-FAMILY: 'Verdana', 'sans-serif'; mso-bidi-font-family: Verdana; mso-ansi-language: #03FF\">&nbsp;<\/SPAN><\/p>\n<p><SPAN style=\"FONT-FAMILY: 'Verdana', 'sans-serif'; mso-bidi-font-family: Verdana; mso-ansi-language: #03FF\">\"Il Coordinamento asseminese di Fortza Paris, - si legge di seguito - preso atto della totale inerzia dell'amministrazione comunale di Assemini rispetto alla devastante crisi in cui versa l'intera area industriale di Macchiareddu (di cui Assemini \u00e8 il centro urbano maggiormente colpito), si rivolge alla Presidente Claudia Lombardo affinch\u00e9 sensibilizzi i capigruppo<SPAN style=\"mso-spacerun: yes\">&nbsp; <\/SPAN>delle forze politiche rappresentate in Consiglio regionale per fissare una seduta straordinaria in cui dibattere sulle prospettive di recupero dell\u2019area industriale di Cagliari. Invita, altres\u00ec, i segretari delle confederazioni sindacali a spronare la politica per l\u2019immediata applicazione del decreto legislativo 10 marzo 1998 75, con cui sono state emanate le norme d\u2019attuazione dell'articolo 12 dello Statuto speciale della Sardegna, istituendo le zone franche nei porti di Cagliari, Olbia, Oristano, Porto Torres, Portovesme ed Arbatax. Impegno programmatico a suo tempo assunto come prioritario dallo stesso Presidente Cappellacci che, come il suo predecessore Renato Soru, non ha attuato\". <\/SPAN><\/p>\n<p><SPAN style=\"FONT-FAMILY: 'Verdana', 'sans-serif'; mso-bidi-font-family: Verdana; mso-ansi-language: #03FF\">&nbsp;<\/SPAN><\/p>\n<p><SPAN style=\"FONT-FAMILY: 'Verdana', 'sans-serif'; mso-bidi-font-family: Verdana; mso-ansi-language: #03FF\">\"Fortza Paris ritiene che non si possa pi\u00f9 continuare a dibattere solo sulle colpe altrui, ma ritiene che sia arrivato il momento di esprimere una chiara e profonda assunzione di responsabilit\u00e0 dei sardi e delle loro forze rappresentative. Un serio progetto di riconversione eco compatibile e l'immediata applicazione della norma sulle zone franche - ha concluso a nome di frtza Paris - darebbe una risposta importante ai problemi dello sviluppo economico e produttivo della Sardegna e, dunque, una risposta concreta ai problemi occupazionali delle comunit\u00e0 interessate\". Red.<\/SPAN><SPAN style=\"FONT-FAMILY: 'Verdana', 'sans-serif'; mso-bidi-font-family: Verdana; mso-ansi-language: #0010\" lang=it><\/SPAN><\/p>\n","protected":false},"excerpt":{"rendered":"<p>Massimo Carboni, Segretario Cittadino di Fortza Paris, in merito alla situazione di Macchiareddu, ha dichiarato: &#8220;Il Consiglio regionale non pu\u00f2 vestire i panni di Ponzio&#8230;<\/p>\n","protected":false},"author":2,"featured_media":8261,"comment_status":"closed","ping_status":"closed","sticky":false,"template":"","format":"standard","meta":[],"categories":[49],"tags":[],"_links":{"self":[{"href":"https:\/\/www.cronacaonline.it\/index.php\/wp-json\/wp\/v2\/posts\/64227"}],"collection":[{"href":"https:\/\/www.cronacaonline.it\/index.php\/wp-json\/wp\/v2\/posts"}],"about":[{"href":"https:\/\/www.cronacaonline.it\/index.php\/wp-json\/wp\/v2\/types\/post"}],"author":[{"embeddable":true,"href":"https:\/\/www.cronacaonline.it\/index.php\/wp-json\/wp\/v2\/users\/2"}],"replies":[{"embeddable":true,"href":"https:\/\/www.cronacaonline.it\/index.php\/wp-json\/wp\/v2\/comments?post=64227"}],"version-history":[{"count":0,"href":"https:\/\/www.cronacaonline.it\/index.php\/wp-json\/wp\/v2\/posts\/64227\/revisions"}],"wp:featuredmedia":[{"embeddable":true,"href":"https:\/\/www.cronacaonline.it\/index.php\/wp-json\/"}],"wp:attachment":[{"href":"https:\/\/www.cronacaonline.it\/index.php\/wp-json\/wp\/v2\/media?parent=64227"}],"wp:term":[{"taxonomy":"category","embeddable":true,"href":"https:\/\/www.cronacaonline.it\/index.php\/wp-json\/wp\/v2\/categories?post=64227"},{"taxonomy":"post_tag","embeddable":true,"href":"https:\/\/www.cronacaonline.it\/index.php\/wp-json\/wp\/v2\/tags?post=64227"}],"curies":[{"name":"wp","href":"https:\/\/api.w.org\/{rel}","templated":true}]}}