{"id":64213,"date":"2011-01-14T00:00:00","date_gmt":"2011-01-13T23:00:00","guid":{"rendered":"http:\/\/www.cronacaonline.it\/public\/content\/index.php\/2011\/01\/14\/rally-dieci-anni-per-consolidare-professionalita-e-passione\/"},"modified":"2011-01-14T00:00:00","modified_gmt":"2011-01-13T23:00:00","slug":"rally-dieci-anni-per-consolidare-professionalita-e-passione","status":"publish","type":"post","link":"https:\/\/www.cronacaonline.it\/index.php\/2011\/01\/14\/rally-dieci-anni-per-consolidare-professionalita-e-passione\/","title":{"rendered":"Rally &#8211; Dieci anni per consolidare professionalit\u00e0 e passione"},"content":{"rendered":"<p><SPAN style=\"FONT-FAMILY: 'Verdana', 'sans-serif'; FONT-SIZE: 9pt\">La Rassinaby Racing festeggia i suoi primi dieci anni di attivit\u00e0, e lo fa nella maniera pi\u00f9 coinvolgente e impegnativa: due eventi di qualit\u00e0 destinati a rappresentare l\u2019apertura e la chiusura della stagione motoristica isolana. Un\u2019avventura iniziata sotto la spinta incontenibile della passione, capace di coinvolgere e rinforzare un nucleo di entusiasti, ormai amici, destinata a trascinare e rendere partecipe un intero paese, e poi tutto il territorio. All\u2019inizio poco pi\u00f9 di quindici simpatizzanti, oggi oltre settanta persone che per molti mesi l\u2019anno lavorano costantemente e volontariamente, per realizzare un Rally diventato ormai una vera perla del panorama rallistica isolano, e non solo. <\/SPAN><\/p>\n<p><SPAN style=\"FONT-FAMILY: 'Verdana', 'sans-serif'; FONT-SIZE: 9pt\">&nbsp;<\/SPAN><\/p>\n<p><SPAN style=\"FONT-FAMILY: 'Verdana', 'sans-serif'; FONT-SIZE: 9pt\">Il Rally dei Nuraghi e del Vermentino da sempre coinvolge il pi\u00f9 alto numero di iscritti e di partecipanti, garantendo una gara su asfalto impegnativa e sempre all\u2019altezza delle aspettative. Per il 2011, la Rassinaby Racing, guidata dall\u2019instancabile tenacia di Andreino Menicucci, si prepara per una stagione impegnativa pi\u00f9 che mai. Lo staff consolidato, sia sotto il profilo tecnico che dell\u2019esperienza, in collaborazione con l\u2019associazione Motoristica Tula, presieduta da Gianpiero Langiu, organizza anche la<SPAN style=\"mso-spacerun: yes\">&nbsp; <\/SPAN>1\u00b0Ronde dei due comuni, ( Tule ed Erula) in calendario il prossimo 27 febbraio. <\/SPAN><\/p>\n<p><SPAN style=\"FONT-FAMILY: 'Verdana', 'sans-serif'; FONT-SIZE: 9pt\">&nbsp;<\/SPAN><\/p>\n<p><SPAN style=\"FONT-FAMILY: 'Verdana', 'sans-serif'; FONT-SIZE: 9pt\">Festeggiare degnamente il primo decennale ospitando la Finale di Coppa Italia, era il sogno nel cassetto della Rassinaby Racing. Per questo motivo era necessario che la decima edizione del Rally dei Nuraghi e del Vermentino si svolgesse nella parte finale dell\u2019anno. La conferma del 15 Ottobre ha permesso la candidatura. La partita finale ha visto in gara solo il Rally del Vermentino e il Rally di Ceccano. La valutazione positiva della sotto-commissione rally ha accolto la candidatura e affidato la scelta finale al comitato esecutivo, il quale, dopo avere stabilito che la posizione geograficamente centrale del rally di Ceccano ( in provincia di Frosinone ), il rischio di condizioni meteo marine non favorevoli nel mese di ottobre per il trasporto e i costi, probabilmente pi\u00f9 alti, uniti alla presenza in Sardegna di altri eventi sportivi importanti e titolati, ha deciso di far cadere la scelta finale sulla gara laziale.<\/SPAN><\/p>\n<p><SPAN style=\"FONT-FAMILY: 'Verdana', 'sans-serif'; FONT-SIZE: 9pt\">&nbsp;<\/SPAN><\/p>\n<p><SPAN style=\"FONT-FAMILY: 'Verdana', 'sans-serif'; FONT-SIZE: 9pt\">Il lavoro della Rassinaby Racing da dieci anni premia il territorio, garantendo una buona ricaduta economica sia sul centro gallurese che su tutti i comuni limitrofi, per questo motivo, dopo il naturale sconforto, gli uomini della Rassinaby Racing, sono ora pronti per l\u2019importante edizione numero dieci del Rally dei Nuraghi e del Vermentino, pi\u00f9 che mai convinti che la strada iniziata \u00e8 quella giusta, capace di portare non solo alla finale di Coppa Italia, ma anche al Trofeo Rally Asfalto. Red<\/SPAN><\/p>\n","protected":false},"excerpt":{"rendered":"<p>La Rassinaby Racing festeggia i suoi primi dieci anni di attivit\u00e0, e lo fa nella maniera pi\u00f9 coinvolgente e impegnativa: due eventi di qualit\u00e0 destinati&#8230;<\/p>\n","protected":false},"author":2,"featured_media":0,"comment_status":"closed","ping_status":"closed","sticky":false,"template":"","format":"standard","meta":[],"categories":[49],"tags":[],"_links":{"self":[{"href":"https:\/\/www.cronacaonline.it\/index.php\/wp-json\/wp\/v2\/posts\/64213"}],"collection":[{"href":"https:\/\/www.cronacaonline.it\/index.php\/wp-json\/wp\/v2\/posts"}],"about":[{"href":"https:\/\/www.cronacaonline.it\/index.php\/wp-json\/wp\/v2\/types\/post"}],"author":[{"embeddable":true,"href":"https:\/\/www.cronacaonline.it\/index.php\/wp-json\/wp\/v2\/users\/2"}],"replies":[{"embeddable":true,"href":"https:\/\/www.cronacaonline.it\/index.php\/wp-json\/wp\/v2\/comments?post=64213"}],"version-history":[{"count":0,"href":"https:\/\/www.cronacaonline.it\/index.php\/wp-json\/wp\/v2\/posts\/64213\/revisions"}],"wp:attachment":[{"href":"https:\/\/www.cronacaonline.it\/index.php\/wp-json\/wp\/v2\/media?parent=64213"}],"wp:term":[{"taxonomy":"category","embeddable":true,"href":"https:\/\/www.cronacaonline.it\/index.php\/wp-json\/wp\/v2\/categories?post=64213"},{"taxonomy":"post_tag","embeddable":true,"href":"https:\/\/www.cronacaonline.it\/index.php\/wp-json\/wp\/v2\/tags?post=64213"}],"curies":[{"name":"wp","href":"https:\/\/api.w.org\/{rel}","templated":true}]}}