{"id":64211,"date":"2011-01-27T00:00:00","date_gmt":"2011-01-26T23:00:00","guid":{"rendered":"http:\/\/www.cronacaonline.it\/public\/content\/index.php\/2011\/01\/27\/neuropsichiatria-infantile-un-incontro-sul-paediatric-european-risperidone-studies-allopera-nei-progetti-del-settimo-programma-quadro\/"},"modified":"2011-01-27T00:00:00","modified_gmt":"2011-01-26T23:00:00","slug":"neuropsichiatria-infantile-un-incontro-sul-paediatric-european-risperidone-studies-allopera-nei-progetti-del-settimo-programma-quadro","status":"publish","type":"post","link":"https:\/\/www.cronacaonline.it\/index.php\/2011\/01\/27\/neuropsichiatria-infantile-un-incontro-sul-paediatric-european-risperidone-studies-allopera-nei-progetti-del-settimo-programma-quadro\/","title":{"rendered":"Neuropsichiatria infantile &#8211; Un incontro sul Paediatric European Risperidone Studies, all&#8217;opera nei progetti del Settimo Programma Quadro."},"content":{"rendered":"<p><SPAN style=\"FONT-FAMILY: 'Verdana', 'sans-serif'; mso-bidi-font-family: Verdana\">Domani, venerd\u00ec 28 gennaio, <\/SPAN><SPAN style=\"FONT-FAMILY: 'Verdana', 'sans-serif'; mso-bidi-font-family: Verdana; mso-ansi-language: #03FF\">nella sala convegni di medicina della Cittadella di Monserrato, <\/SPAN><SPAN style=\"FONT-FAMILY: 'Verdana', 'sans-serif'; mso-bidi-font-family: Verdana\">si terr\u00e0 un incontro sul <\/SPAN><SPAN style=\"FONT-FAMILY: 'Verdana', 'sans-serif'; mso-bidi-font-family: Verdana; mso-ansi-language: #03FF\">Paediatric European Risperidone Studies. <\/SPAN><\/p>\n<p><SPAN style=\"FONT-FAMILY: 'Verdana', 'sans-serif'; mso-bidi-font-family: Verdana; mso-ansi-language: #03FF\">&nbsp;<\/SPAN><\/p>\n<p><SPAN style=\"FONT-FAMILY: 'Verdana', 'sans-serif'; mso-bidi-font-family: Verdana; mso-ansi-language: #03FF\">Il progetto, che rientra nei tre finanziati dall'Unione Europea con dodici milioni di euro, 700 mila euro per l'Ateneo di Cagliari, \u00e8 finalizzato allo studio di farmaci ormai fuori brevetto, ma con possibili utilit\u00e0 in nuove indicazioni per patologie dell'et\u00e0 evolutiva ancora carenti di terapie specifiche in merito ai disturbi di condotta.<\/SPAN><\/p>\n<p><SPAN style=\"FONT-FAMILY: 'Verdana', 'sans-serif'; mso-bidi-font-family: Verdana; mso-ansi-language: #03FF\">&nbsp;<\/SPAN><\/p>\n<p><SPAN style=\"FONT-FAMILY: 'Verdana', 'sans-serif'; mso-bidi-font-family: Verdana; mso-ansi-language: #03FF\">Da oltre 10 anni, il Centro Terapie farmacologiche in Neuropsichiatria dell'Infanzia e dell\u2019Adolescenza, di cui \u00e8 responsabile Alessandro Zuddas, professore associato di neuropsichiatria infantile, ha sviluppato specifiche modalit\u00e0 di valutazione diagnostica e di intervento terapeutico per bambini e adolescenti affetti da disturbi neuropsichiatrici con particolare interesse per specifiche terapie farmacologiche, innovative per la pratica clinica europea. <\/SPAN><\/p>\n<p><SPAN style=\"FONT-FAMILY: 'Verdana', 'sans-serif'; mso-bidi-font-family: Verdana; mso-ansi-language: #03FF\">&nbsp;<\/SPAN><\/p>\n<p><SPAN style=\"FONT-FAMILY: 'Verdana', 'sans-serif'; mso-bidi-font-family: Verdana; mso-ansi-language: #03FF\">Il Centro, che afferisce al Dipartimento di Neuroscienze (Sezione di Neuropsichiatria Infantile) dell'Universit\u00e0 di Cagliari per le attivit\u00e0 di ricerca e la didattica, e all'Azienda Ospedaliero-Universitaria di Cagliari, per le attivit\u00e0 assistenziali, \u00e8 tra i fondatori, assieme ad altri partner europei, dell'European Child and Adolescent Psychopharmacology Network<\/SPAN><SPAN style=\"FONT-FAMILY: 'Verdana', 'sans-serif'; mso-bidi-font-family: Verdana\">(ECAPN)<\/SPAN><SPAN style=\"FONT-FAMILY: 'Verdana', 'sans-serif'; mso-bidi-font-family: Verdana; mso-ansi-language: #03FF\">.<\/SPAN><\/p>\n<p><SPAN style=\"FONT-FAMILY: 'Verdana', 'sans-serif'; mso-bidi-font-family: Verdana; mso-ansi-language: #03FF\">&nbsp;<\/SPAN><\/p>\n<p><SPAN style=\"FONT-FAMILY: 'Verdana', 'sans-serif'; mso-bidi-font-family: Verdana; mso-ansi-language: #03FF\">Nei tre progetti il professor Zuddas \u00e8 coordinatore di specifiche attivit\u00e0 di ricerca (work packages) e, a livello nazionale, degli studi clinici dei progetti, condotti in collaborazione, rispettivamente, con l'Istituto di Ricerca e Cura a Caratere Scientifico (IRCCS) \"Fondazione Stella Maris\" di Calambrone-Pisa , l\u2019IRCCS \"Ospedale Bambin Ges\u00f9\" di Roma e l'Istituto Superiore di Sanit\u00e0. Com.<\/SPAN><SPAN style=\"FONT-FAMILY: 'Verdana', 'sans-serif'; mso-bidi-font-family: Verdana; mso-ansi-language: #0010\" lang=it><\/SPAN><\/p>\n","protected":false},"excerpt":{"rendered":"<p>Domani, venerd\u00ec 28 gennaio, nella sala convegni di medicina della Cittadella di Monserrato, si terr\u00e0 un incontro sul Paediatric European Risperidone Studies. &nbsp; Il progetto,&#8230;<\/p>\n","protected":false},"author":2,"featured_media":0,"comment_status":"closed","ping_status":"closed","sticky":false,"template":"","format":"standard","meta":[],"categories":[49],"tags":[],"_links":{"self":[{"href":"https:\/\/www.cronacaonline.it\/index.php\/wp-json\/wp\/v2\/posts\/64211"}],"collection":[{"href":"https:\/\/www.cronacaonline.it\/index.php\/wp-json\/wp\/v2\/posts"}],"about":[{"href":"https:\/\/www.cronacaonline.it\/index.php\/wp-json\/wp\/v2\/types\/post"}],"author":[{"embeddable":true,"href":"https:\/\/www.cronacaonline.it\/index.php\/wp-json\/wp\/v2\/users\/2"}],"replies":[{"embeddable":true,"href":"https:\/\/www.cronacaonline.it\/index.php\/wp-json\/wp\/v2\/comments?post=64211"}],"version-history":[{"count":0,"href":"https:\/\/www.cronacaonline.it\/index.php\/wp-json\/wp\/v2\/posts\/64211\/revisions"}],"wp:attachment":[{"href":"https:\/\/www.cronacaonline.it\/index.php\/wp-json\/wp\/v2\/media?parent=64211"}],"wp:term":[{"taxonomy":"category","embeddable":true,"href":"https:\/\/www.cronacaonline.it\/index.php\/wp-json\/wp\/v2\/categories?post=64211"},{"taxonomy":"post_tag","embeddable":true,"href":"https:\/\/www.cronacaonline.it\/index.php\/wp-json\/wp\/v2\/tags?post=64211"}],"curies":[{"name":"wp","href":"https:\/\/api.w.org\/{rel}","templated":true}]}}