{"id":64182,"date":"2011-01-21T00:00:00","date_gmt":"2011-01-20T23:00:00","guid":{"rendered":"http:\/\/www.cronacaonline.it\/public\/content\/index.php\/2011\/01\/21\/il-richiamo-del-papa-societa-e-istituzioni-ritrovino-radici-morali\/"},"modified":"2011-01-21T00:00:00","modified_gmt":"2011-01-20T23:00:00","slug":"il-richiamo-del-papa-societa-e-istituzioni-ritrovino-radici-morali","status":"publish","type":"post","link":"https:\/\/www.cronacaonline.it\/index.php\/2011\/01\/21\/il-richiamo-del-papa-societa-e-istituzioni-ritrovino-radici-morali\/","title":{"rendered":"Il richiamo del Papa: &#8220;Societ\u00e0 e istituzioni ritrovino radici morali&#8221;"},"content":{"rendered":"<p><SPAN style=\"LINE-HEIGHT: 115%; FONT-FAMILY: 'Verdana', 'sans-serif'; FONT-SIZE: 12pt; mso-fareast-language: IT\">\u00abLa societ\u00e0 e le istituzioni pubbliche ritrovino la loro \"anima\", le loro radici spirituali e morali, per dare nuova consistenza ai valori etici e giuridici di riferimento e quindi all'azione pratica\u00bb. Lo chiede il Papa nella udienza a dirigenti e personale della Questura di Roma. L'intervento del Pontefice arriva dopo che gi\u00e0 ieri, attraverso il cardinal Bertone, la&nbsp;<a href=\"http:\/\/www.corriere.it\/politica\/11_gennaio_20\/ruby-bossi-berlusconi-cautela_228d7f94-2495-11e0-8269-00144f02aabc.shtml\" target=\"_blank\" rel=\"noopener noreferrer\"><SPAN style=\"BORDER-BOTTOM: windowtext 1pt; BORDER-LEFT: windowtext 1pt; PADDING-BOTTOM: 0cm; PADDING-LEFT: 0cm; PADDING-RIGHT: 0cm; COLOR: #565656; BORDER-TOP: windowtext 1pt; BORDER-RIGHT: windowtext 1pt; PADDING-TOP: 0cm; mso-border-alt: none windowtext 0cm\">Santa Sede aveva espresso<\/SPAN><\/A> condivisione per le parole del presidente Napolitano a proposito del turbamento del Paese per la vicenda Ruby.<\/SPAN><\/p>\n<p><SPAN style=\"LINE-HEIGHT: 115%; FONT-FAMILY: 'Verdana', 'sans-serif'; FONT-SIZE: 12pt; mso-fareast-language: IT\"><\/SPAN><SPAN style=\"LINE-HEIGHT: 115%; FONT-FAMILY: 'Verdana', 'sans-serif'; FONT-SIZE: 12pt; mso-fareast-language: IT\">Nell'intervento di oggi Benedetto XVI ha detto: \u00abAi nostri giorni, - ha detto il Papa come premessa al suo ragionamento su societ\u00e0 e Istituzioni in rapporto all'etica - grande importanza \u00e8 data alla dimensione soggettiva dell'esistenza. Ci\u00f2, da una parte, \u00e8 un bene, perch\u00e9\u201a permette di porre l'uomo e la sua dignit\u00e0 al centro della considerazione sia nel pensiero che nell'azione storica. Non si deve mai dimenticare, per\u00f2, che l'uomo trova la sua dignit\u00e0 profondissima nello sguardo amorevole di Dio, nel riferimento a Lui. <\/SPAN><\/p>\n<p><SPAN style=\"LINE-HEIGHT: 115%; FONT-FAMILY: 'Verdana', 'sans-serif'; FONT-SIZE: 12pt; mso-fareast-language: IT\">L'attenzione alla dimensione soggettiva \u00e8 anche un bene quando si mette in evidenza il valore della coscienza umana. Ma qui - ha ammonito - troviamo un grave rischio, perch\u00e9 nel pensiero moderno si \u00e8 sviluppata una visione riduttiva della coscienza, secondo la quale non vi sono riferimenti oggettivi nel determinare ci\u00f2 che vale e ci\u00f2 che \u00e8 vero, ma \u00e8 il singolo individuo, con le sue intuizioni e le sue esperienze, ad essere il metro di misura; ognuno, quindi, possiede la propria verit\u00e0, la propria morale\u00bb. \u00abLa conseguenza pi\u00f9 evidente - ha rimarcato Benedetto XVI - \u00e8 che la religione e la morale tendono ad essere confinate nell'ambito del soggetto, del privato: la fede con i suoi valori e i suoi comportamenti, cio\u00e8, non ha pi\u00f9 diritto ad un posto nella vita pubblica e civile.<\/SPAN><\/p>\n<p><SPAN style=\"LINE-HEIGHT: 115%; FONT-FAMILY: 'Verdana', 'sans-serif'; FONT-SIZE: 12pt; mso-fareast-language: IT\">Pertanto, se, da una parte, nella societ\u00e0 si d\u00e0 grande importanza al pluralismo e alla tolleranza, dall'altra, la religione tende ad essere progressivamente emarginata e considerata senza rilevanza e, in un certo senso, estranea al mondo civile, quasi si dovesse limitare la sua influenza sulla vita dell'uomo\u00bb.<\/SPAN><\/p>\n<p><SPAN style=\"LINE-HEIGHT: 115%; FONT-FAMILY: 'Verdana', 'sans-serif'; FONT-SIZE: 12pt; mso-fareast-language: IT\"><\/SPAN><SPAN class=apple-style-span><SPAN style=\"LINE-HEIGHT: 115%; FONT-FAMILY: 'Verdana', 'sans-serif'; COLOR: #464646; FONT-SIZE: 12pt\">Intanto si muove anche la Cei. Infatti, il consiglio permanente della Cei, in programma luned\u00ec ad Ancona, discuter\u00e0 della vicenda Ruby. Lo ha detto il presidente della Conferenza episcopale, cardinale Angelo Bagnasco. \u00abLuned\u00ec se ne parla al Consiglio permanente della Cei, quello \u00e8 il luogo istituzionale\u00bb, ha annunciato il presidente della Conferenza episcopale, cardinale Angelo Bagnasco, a margine dell'inaugurazione a Genova delle Terme di Acquasanta. Per preparare il Consiglio di luned\u00ec, il cardinale Bagnasco sar\u00e0 domani a Roma, dove incontrer\u00e0 papa Benedetto XVI.<\/SPAN><\/SPAN><\/SPAN><B style=\"mso-bidi-font-weight: normal\"><SPAN style=\"LINE-HEIGHT: 115%; FONT-FAMILY: 'Verdana', 'sans-serif'; FONT-SIZE: 12pt; mso-fareast-language: IT\"><\/SPAN><\/B><\/p>\n","protected":false},"excerpt":{"rendered":"<p>\u00abLa societ\u00e0 e le istituzioni pubbliche ritrovino la loro &#8220;anima&#8221;, le loro radici spirituali e morali, per dare nuova consistenza ai valori etici e giuridici&#8230;<\/p>\n","protected":false},"author":2,"featured_media":8430,"comment_status":"closed","ping_status":"closed","sticky":false,"template":"","format":"standard","meta":[],"categories":[49],"tags":[],"_links":{"self":[{"href":"https:\/\/www.cronacaonline.it\/index.php\/wp-json\/wp\/v2\/posts\/64182"}],"collection":[{"href":"https:\/\/www.cronacaonline.it\/index.php\/wp-json\/wp\/v2\/posts"}],"about":[{"href":"https:\/\/www.cronacaonline.it\/index.php\/wp-json\/wp\/v2\/types\/post"}],"author":[{"embeddable":true,"href":"https:\/\/www.cronacaonline.it\/index.php\/wp-json\/wp\/v2\/users\/2"}],"replies":[{"embeddable":true,"href":"https:\/\/www.cronacaonline.it\/index.php\/wp-json\/wp\/v2\/comments?post=64182"}],"version-history":[{"count":0,"href":"https:\/\/www.cronacaonline.it\/index.php\/wp-json\/wp\/v2\/posts\/64182\/revisions"}],"wp:featuredmedia":[{"embeddable":true,"href":"https:\/\/www.cronacaonline.it\/index.php\/wp-json\/"}],"wp:attachment":[{"href":"https:\/\/www.cronacaonline.it\/index.php\/wp-json\/wp\/v2\/media?parent=64182"}],"wp:term":[{"taxonomy":"category","embeddable":true,"href":"https:\/\/www.cronacaonline.it\/index.php\/wp-json\/wp\/v2\/categories?post=64182"},{"taxonomy":"post_tag","embeddable":true,"href":"https:\/\/www.cronacaonline.it\/index.php\/wp-json\/wp\/v2\/tags?post=64182"}],"curies":[{"name":"wp","href":"https:\/\/api.w.org\/{rel}","templated":true}]}}