{"id":64180,"date":"2011-01-13T00:00:00","date_gmt":"2011-01-12T23:00:00","guid":{"rendered":"http:\/\/www.cronacaonline.it\/public\/content\/index.php\/2011\/01\/13\/politiche-sociali-liori-lassistenza-ai-disabili-non-e-in-pericolo\/"},"modified":"2011-01-13T00:00:00","modified_gmt":"2011-01-12T23:00:00","slug":"politiche-sociali-liori-lassistenza-ai-disabili-non-e-in-pericolo","status":"publish","type":"post","link":"https:\/\/www.cronacaonline.it\/index.php\/2011\/01\/13\/politiche-sociali-liori-lassistenza-ai-disabili-non-e-in-pericolo\/","title":{"rendered":"Politiche Sociali &#8211; Liori: L&#8217;assistenza ai disabili non e&#8217; in pericolo"},"content":{"rendered":"<p><SPAN class=apple-converted-space><SPAN style=\"FONT-FAMILY: 'Arial', 'sans-serif'; COLOR: black; FONT-SIZE: 10pt\">&nbsp;<\/SPAN><\/SPAN><FONT face=\"\">''L'onorevole Espa, se ha presenziato nell'aula del Consiglio regionale durante il dibattito sulla Finanziaria, dovrebbe sapere che la copertura dei piani personalizzati per i disabili previsti dalla legge 162 non \u00e8 pericolo. Perci\u00f2, gli raccomanderei maggiore attenzione o minore demagogia'.' E' il commento dell'assessore regionale della Sanit\u00e0, Antonello Liori, alle accuse di Marco Espa sui finanziamenti per i disabili.<SPAN style=\"FONT-SIZE: 8.5pt\"><\/SPAN><\/FONT><\/p>\n<p><FONT face=\"\">''Infatti, considerando i residui del finanziamento per la 162 dello scorso anno, ho preso impegno, seguendo le indicazioni di un ordine del giorno del Consiglio regionale, di finanziare i piani personalizzati fino a 116 milioni di euro, come lo scorso anno. Cos\u00ec ho evitato di bloccare risorse vincolandole ad una precisa finalit\u00e0. Perci\u00f2, confermo la volont\u00e0 e la disponibilit\u00e0 economica per soddisfare i bisogni assistenziali dei disabili'.'<SPAN style=\"FONT-SIZE: 8.5pt\"><\/SPAN><\/FONT><\/p>\n<p><FONT face=\"\">''Anche il programma 'Ritornare a casa' per l'assistenza domiciliare ai disabili non corre alcun rischio. Innanzitutto, in un solo anno, abbiamo raddoppiato lo stanziamento in bilancio da 5 a 10 milioni di euro. Ma non solo, stanzieremo anche un altro 1 milione e mezzo per poter finanziare tutte le ore di assistenza anche dei casi gravissimi\". Red<\/FONT><\/p>\n","protected":false},"excerpt":{"rendered":"<p>&nbsp;&#8221;L&#8217;onorevole Espa, se ha presenziato nell&#8217;aula del Consiglio regionale durante il dibattito sulla Finanziaria, dovrebbe sapere che la copertura dei piani personalizzati per i disabili&#8230;<\/p>\n","protected":false},"author":2,"featured_media":0,"comment_status":"closed","ping_status":"closed","sticky":false,"template":"","format":"standard","meta":[],"categories":[49],"tags":[],"_links":{"self":[{"href":"https:\/\/www.cronacaonline.it\/index.php\/wp-json\/wp\/v2\/posts\/64180"}],"collection":[{"href":"https:\/\/www.cronacaonline.it\/index.php\/wp-json\/wp\/v2\/posts"}],"about":[{"href":"https:\/\/www.cronacaonline.it\/index.php\/wp-json\/wp\/v2\/types\/post"}],"author":[{"embeddable":true,"href":"https:\/\/www.cronacaonline.it\/index.php\/wp-json\/wp\/v2\/users\/2"}],"replies":[{"embeddable":true,"href":"https:\/\/www.cronacaonline.it\/index.php\/wp-json\/wp\/v2\/comments?post=64180"}],"version-history":[{"count":0,"href":"https:\/\/www.cronacaonline.it\/index.php\/wp-json\/wp\/v2\/posts\/64180\/revisions"}],"wp:attachment":[{"href":"https:\/\/www.cronacaonline.it\/index.php\/wp-json\/wp\/v2\/media?parent=64180"}],"wp:term":[{"taxonomy":"category","embeddable":true,"href":"https:\/\/www.cronacaonline.it\/index.php\/wp-json\/wp\/v2\/categories?post=64180"},{"taxonomy":"post_tag","embeddable":true,"href":"https:\/\/www.cronacaonline.it\/index.php\/wp-json\/wp\/v2\/tags?post=64180"}],"curies":[{"name":"wp","href":"https:\/\/api.w.org\/{rel}","templated":true}]}}