{"id":64116,"date":"2011-01-25T00:00:00","date_gmt":"2011-01-24T23:00:00","guid":{"rendered":"http:\/\/www.cronacaonline.it\/public\/content\/index.php\/2011\/01\/25\/il-terzo-polo-ancora-no-al-federalismo-per-i-comuni\/"},"modified":"2011-01-25T00:00:00","modified_gmt":"2011-01-24T23:00:00","slug":"il-terzo-polo-ancora-no-al-federalismo-per-i-comuni","status":"publish","type":"post","link":"https:\/\/www.cronacaonline.it\/index.php\/2011\/01\/25\/il-terzo-polo-ancora-no-al-federalismo-per-i-comuni\/","title":{"rendered":"Il Terzo Polo ancora no al federalismo per i comuni."},"content":{"rendered":"<p><SPAN class=apple-style-span><SPAN style=\"LINE-HEIGHT: 115%; FONT-FAMILY: 'Verdana', 'sans-serif'; COLOR: #222222; FONT-SIZE: 10.5pt; mso-bidi-font-family: Arial\">Il Terzo Polo orientato per il no al federalismo per i comuni. \u00c8 quanto \u00e8 emerso stamattina nel vertice tra Gianfranco Fini, Pier Ferdinando Casini e Francesco Rutelli che ha fatto il punto sulla convention di Todi di sabato prossimo. Le modifiche al federalismo promosse dal ministro Calderoli, per il nuovo polo, se tengono conto delle<\/SPAN><\/SPAN><SPAN class=apple-converted-space><SPAN style=\"LINE-HEIGHT: 115%; FONT-FAMILY: 'Verdana', 'sans-serif'; COLOR: #222222; FONT-SIZE: 10.5pt; mso-bidi-font-family: Arial\">&nbsp;<\/SPAN><\/SPAN><SPAN class=apple-style-span><SPAN style=\"BORDER-BOTTOM: windowtext 1pt; BORDER-LEFT: windowtext 1pt; PADDING-BOTTOM: 0cm; LINE-HEIGHT: 115%; PADDING-LEFT: 0cm; PADDING-RIGHT: 0cm; FONT-FAMILY: 'Verdana', 'sans-serif'; COLOR: #222222; FONT-SIZE: 10.5pt; BORDER-TOP: windowtext 1pt; BORDER-RIGHT: windowtext 1pt; PADDING-TOP: 0cm; mso-bidi-font-family: Arial; mso-border-alt: none windowtext 0cm\">richieste dell'Anci<\/SPAN><\/SPAN><SPAN class=apple-converted-space><SPAN style=\"BORDER-BOTTOM: windowtext 1pt; BORDER-LEFT: windowtext 1pt; PADDING-BOTTOM: 0cm; LINE-HEIGHT: 115%; PADDING-LEFT: 0cm; PADDING-RIGHT: 0cm; FONT-FAMILY: 'Verdana', 'sans-serif'; COLOR: #00386b; FONT-SIZE: 10.5pt; BORDER-TOP: windowtext 1pt; BORDER-RIGHT: windowtext 1pt; PADDING-TOP: 0cm; mso-bidi-font-family: Arial; mso-border-alt: none windowtext 0cm\"> <\/SPAN><\/SPAN><SPAN class=apple-style-span><SPAN style=\"LINE-HEIGHT: 115%; FONT-FAMILY: 'Verdana', 'sans-serif'; COLOR: #222222; FONT-SIZE: 10.5pt; mso-bidi-font-family: Arial\">non fanno altrettanto rispetto alle tasche dei cittadini.<\/SPAN><\/SPAN><SPAN class=apple-converted-space><SPAN style=\"LINE-HEIGHT: 115%; FONT-FAMILY: 'Verdana', 'sans-serif'; COLOR: #222222; FONT-SIZE: 10.5pt; mso-bidi-font-family: Arial\">&nbsp;<\/SPAN><\/SPAN><SPAN style=\"LINE-HEIGHT: 115%; FONT-FAMILY: 'Verdana', 'sans-serif'; COLOR: #222222; FONT-SIZE: 10.5pt; mso-bidi-font-family: Arial\"><\/SPAN><\/p>\n<p><SPAN class=apple-style-span><SPAN style=\"LINE-HEIGHT: 115%; FONT-FAMILY: 'Verdana', 'sans-serif'; COLOR: #222222; FONT-SIZE: 10.5pt; mso-bidi-font-family: Arial\">Scetticismo quindi confermato in attesa di vedere il nuovo testo che il ministro ha annunciato ieri e che ora attende anche il s\u00ec dei sindaci. \"Puntiamo all'intesa con i Comuni - ha spiegato il presidente della Bicamerale Enrico La Loggia - e siamo molto ottimisti, perch\u00e9 con i sindaci l'intesa di massima c'\u00e8 gi\u00e0: ora si tratta di definire i dettagli''. Infatti, prosegue \"accoglieremo le loro richieste su tre punti fondamentali del provvedimento: Irpef, tassa di soggiorno e Imposta municipale unica\".<\/SPAN><\/SPAN><\/SPAN><\/p>\n<p><SPAN style=\"LINE-HEIGHT: 115%; FONT-FAMILY: 'Verdana', 'sans-serif'; COLOR: #222222; FONT-SIZE: 10.5pt; mso-bidi-font-family: Arial; mso-fareast-font-family: 'Times New Roman'; mso-fareast-language: IT\">La Loggia ha annunciato il nuovo calendario sull'iter del federalismo.&nbsp; \"Abbiamo fatto il nuovo calendario, per cui mercoled\u00ec 2 febbraio voteremo sugli emendamenti e gioved\u00ec 3, con un giorno in pi\u00f9 rispetto a quello che si sapeva finora, ci sar\u00e0 il voto finale\". La Loggia si dice pronto a recepire nel suo parere le modifiche del governo, che dovrebbero andare in direzione delle richieste avanzate dall'Anci&nbsp;e dai sindaci: \"Se l'opposizione fosse ancora contraria nel merito sarebbe pi\u00f9 realista del re, altrimenti la sua posizione sarebbe meramente strumentale e ne prenderemo atto\"<\/SPAN><SPAN style=\"LINE-HEIGHT: 115%; FONT-FAMILY: 'Verdana', 'sans-serif'; COLOR: #222222; FONT-SIZE: 10.5pt; mso-bidi-font-family: Arial\"><\/SPAN><\/p>\n<p><SPAN class=apple-style-span><SPAN style=\"LINE-HEIGHT: 115%; FONT-FAMILY: 'Verdana', 'sans-serif'; COLOR: #222222; FONT-SIZE: 10.5pt; mso-bidi-font-family: Arial\">Al vertice di oggi sono stati anche definiti i particolari e l'assemblea dei cento parlamentari che si terr\u00e0 a Todi nel fine settimana. I tre leader hanno poi esaminato la questione amministrative di primavera, dove il nuovo polo presenter\u00e0 candidati comuni.<\/SPAN><\/SPAN><\/SPAN><\/p>\n","protected":false},"excerpt":{"rendered":"<p>Il Terzo Polo orientato per il no al federalismo per i comuni. \u00c8 quanto \u00e8 emerso stamattina nel vertice tra Gianfranco Fini, Pier Ferdinando Casini&#8230;<\/p>\n","protected":false},"author":2,"featured_media":8411,"comment_status":"closed","ping_status":"closed","sticky":false,"template":"","format":"standard","meta":[],"categories":[49],"tags":[],"_links":{"self":[{"href":"https:\/\/www.cronacaonline.it\/index.php\/wp-json\/wp\/v2\/posts\/64116"}],"collection":[{"href":"https:\/\/www.cronacaonline.it\/index.php\/wp-json\/wp\/v2\/posts"}],"about":[{"href":"https:\/\/www.cronacaonline.it\/index.php\/wp-json\/wp\/v2\/types\/post"}],"author":[{"embeddable":true,"href":"https:\/\/www.cronacaonline.it\/index.php\/wp-json\/wp\/v2\/users\/2"}],"replies":[{"embeddable":true,"href":"https:\/\/www.cronacaonline.it\/index.php\/wp-json\/wp\/v2\/comments?post=64116"}],"version-history":[{"count":0,"href":"https:\/\/www.cronacaonline.it\/index.php\/wp-json\/wp\/v2\/posts\/64116\/revisions"}],"wp:featuredmedia":[{"embeddable":true,"href":"https:\/\/www.cronacaonline.it\/index.php\/wp-json\/"}],"wp:attachment":[{"href":"https:\/\/www.cronacaonline.it\/index.php\/wp-json\/wp\/v2\/media?parent=64116"}],"wp:term":[{"taxonomy":"category","embeddable":true,"href":"https:\/\/www.cronacaonline.it\/index.php\/wp-json\/wp\/v2\/categories?post=64116"},{"taxonomy":"post_tag","embeddable":true,"href":"https:\/\/www.cronacaonline.it\/index.php\/wp-json\/wp\/v2\/tags?post=64116"}],"curies":[{"name":"wp","href":"https:\/\/api.w.org\/{rel}","templated":true}]}}