{"id":64047,"date":"2011-01-22T00:00:00","date_gmt":"2011-01-21T23:00:00","guid":{"rendered":"http:\/\/www.cronacaonline.it\/public\/content\/index.php\/2011\/01\/22\/stintino-da-oggi-protagonista-a-dusseldorf-al-salone-internazionale-della-nautica\/"},"modified":"2011-01-22T00:00:00","modified_gmt":"2011-01-21T23:00:00","slug":"stintino-da-oggi-protagonista-a-dusseldorf-al-salone-internazionale-della-nautica","status":"publish","type":"post","link":"https:\/\/www.cronacaonline.it\/index.php\/2011\/01\/22\/stintino-da-oggi-protagonista-a-dusseldorf-al-salone-internazionale-della-nautica\/","title":{"rendered":"Stintino da oggi protagonista a Dusseldorf al salone internazionale della nautica."},"content":{"rendered":"<p><SPAN style=\"FONT-FAMILY: 'Verdana', 'sans-serif'; mso-bidi-font-family: Verdana; mso-ansi-language: #03FF\">Stintino, a partire da oggi, sabato 22, e fino al 30 gennaio, sar\u00e0 protagonista a Dusseldorf, in Germania, presso il 42esimo salone internazionale della nautica all\u2019interno dello stand del Consorzio della rete dei porti. <\/SPAN><\/p>\n<p><SPAN style=\"FONT-FAMILY: 'Verdana', 'sans-serif'; mso-bidi-font-family: Verdana; mso-ansi-language: #03FF\">&nbsp;<\/SPAN><\/p>\n<p><SPAN style=\"FONT-FAMILY: 'Verdana', 'sans-serif'; mso-bidi-font-family: Verdana; mso-ansi-language: #03FF\">Il paese del nord-Sardegna, per la quarta volta consecutiva, coglie l'occasione di promozione della ricettivit\u00e0 portuale confermando la politica di valorizzazione della portualit\u00e0 portata avanti dall\u2019amministrazione guidata dal sindaco Antonio Diana. Allo stato attuale il porto Marina di Stintino, comprese le imbarcazioni stanziali, pu\u00f2, ospitare circa 300 unit\u00e0, ma con un potenziale di sviluppo ancora tutto da esprimere. Questa estate ha ospitato oltre 550 imbarcazioni con una crescita apprezzabile rispetto al 2009, quanto le imbarcazioni in transito furono 474.<\/SPAN><\/p>\n<p><SPAN style=\"FONT-FAMILY: 'Verdana', 'sans-serif'; mso-bidi-font-family: Verdana; mso-ansi-language: #03FF\">&nbsp;<\/SPAN><\/p>\n<p><SPAN style=\"FONT-FAMILY: 'Verdana', 'sans-serif'; mso-bidi-font-family: Verdana; mso-ansi-language: #03FF\">Il salone internazionale ospiter\u00e0 oltre 1.600 espositori che provengono da 50 diversi Paesi, di cui 600 arrivano dall'Europa e 50 per l'Italia. Il paese che si affaccia sul Golfo dell\u2019Asinara nei mesi scorsi \u00e8 stato protagonista anche nei saloni nautici di Genova, nel mese di ottobre, e a Parigi poco prima delle festivit\u00e0 natalizie.<SPAN style=\"mso-spacerun: yes\">&nbsp; <\/SPAN><\/SPAN><\/p>\n<p><SPAN style=\"FONT-FAMILY: 'Verdana', 'sans-serif'; mso-bidi-font-family: Verdana; mso-ansi-language: #03FF\">L'assessore al Turismo e alla Portualit\u00e0, Angelo Schiaffino, ha dichiarato: \"La nostra amministrazione \u00e8 tra le prime ad aver avviato una vera e propria attivit\u00e0 di comunicazione e informazione sulla portualit\u00e0. Possiamo ricordare l\u2019attivazione del sito web marinadistintino.it. Inoltre abbiamo aderito all\u2019Adac che rappresenta l\u2019Aci tedesca del mare, una sorta di marchio di garanzia al quale i diportisti tedeschi pongono particolare attenzione\".<\/SPAN><\/p>\n<p><SPAN style=\"FONT-FAMILY: 'Verdana', 'sans-serif'; mso-bidi-font-family: Verdana; mso-ansi-language: #03FF\">\"Abbiamo in campo iniziative per l\u2019allargamento dei posti barca \u2013 precisa Angelo Schiaffino \u2013 Da tre anni a questa parte il nuovo porto \u00e8 diventato un vero e proprio albergo con numerosi servizi e potenzialit\u00e0 di crescita. Inoltre ha creato 7 posti di lavoro fissi. Il porto inoltre ha dato la possibilit\u00e0 di sviluppo nell\u2019indotto, con un\u2019area commerciale da sviluppare\". Com.<\/SPAN><\/p>\n<p><SPAN style=\"FONT-FAMILY: 'Verdana', 'sans-serif'; mso-bidi-font-family: Verdana; mso-ansi-language: #03FF\"><\/SPAN><SPAN style=\"FONT-FAMILY: 'Verdana', 'sans-serif'; mso-bidi-font-family: Verdana; mso-ansi-language: #0010\" lang=it><\/SPAN>&nbsp;<\/p>\n","protected":false},"excerpt":{"rendered":"<p>Stintino, a partire da oggi, sabato 22, e fino al 30 gennaio, sar\u00e0 protagonista a Dusseldorf, in Germania, presso il 42esimo salone internazionale della nautica&#8230;<\/p>\n","protected":false},"author":2,"featured_media":0,"comment_status":"closed","ping_status":"closed","sticky":false,"template":"","format":"standard","meta":[],"categories":[49],"tags":[],"_links":{"self":[{"href":"https:\/\/www.cronacaonline.it\/index.php\/wp-json\/wp\/v2\/posts\/64047"}],"collection":[{"href":"https:\/\/www.cronacaonline.it\/index.php\/wp-json\/wp\/v2\/posts"}],"about":[{"href":"https:\/\/www.cronacaonline.it\/index.php\/wp-json\/wp\/v2\/types\/post"}],"author":[{"embeddable":true,"href":"https:\/\/www.cronacaonline.it\/index.php\/wp-json\/wp\/v2\/users\/2"}],"replies":[{"embeddable":true,"href":"https:\/\/www.cronacaonline.it\/index.php\/wp-json\/wp\/v2\/comments?post=64047"}],"version-history":[{"count":0,"href":"https:\/\/www.cronacaonline.it\/index.php\/wp-json\/wp\/v2\/posts\/64047\/revisions"}],"wp:attachment":[{"href":"https:\/\/www.cronacaonline.it\/index.php\/wp-json\/wp\/v2\/media?parent=64047"}],"wp:term":[{"taxonomy":"category","embeddable":true,"href":"https:\/\/www.cronacaonline.it\/index.php\/wp-json\/wp\/v2\/categories?post=64047"},{"taxonomy":"post_tag","embeddable":true,"href":"https:\/\/www.cronacaonline.it\/index.php\/wp-json\/wp\/v2\/tags?post=64047"}],"curies":[{"name":"wp","href":"https:\/\/api.w.org\/{rel}","templated":true}]}}