{"id":63999,"date":"2011-01-18T00:00:00","date_gmt":"2011-01-17T23:00:00","guid":{"rendered":"http:\/\/www.cronacaonline.it\/public\/content\/index.php\/2011\/01\/18\/afghanistan-assessore-cherchi-unaltra-famiglia-gli-amici-e-litalia-tutta-piangono-il-sacrificio-di-un-altro-soldato\/"},"modified":"2011-01-18T00:00:00","modified_gmt":"2011-01-17T23:00:00","slug":"afghanistan-assessore-cherchi-unaltra-famiglia-gli-amici-e-litalia-tutta-piangono-il-sacrificio-di-un-altro-soldato","status":"publish","type":"post","link":"https:\/\/www.cronacaonline.it\/index.php\/2011\/01\/18\/afghanistan-assessore-cherchi-unaltra-famiglia-gli-amici-e-litalia-tutta-piangono-il-sacrificio-di-un-altro-soldato\/","title":{"rendered":"Afghanistan &#8211; Assessore Cherchi: &#8220;Un&#8217;altra famiglia, gli amici e l&#8217;Italia tutta, piangono il sacrificio di un altro soldato&#8221;."},"content":{"rendered":"<p><SPAN style=\"FONT-FAMILY: 'Verdana', 'sans-serif'; mso-bidi-font-family: Verdana\">- L'assessore regionale dell'Industria, Oscar Cherchi, ha cos\u00ec commentato la morte del caporalmaggiore Sanna: \"Ancora non si erano asciugate le lacrime sui volti dei familiari del giovane caporalmaggiore Matteo Miotto, ucciso lo scorso 31 dicembre, che un'altra famiglia, gli amici e l'Italia tutta, devono piangere il sacrificio di un altro soldato\". <\/SPAN><\/p>\n<p><SPAN style=\"FONT-FAMILY: 'Verdana', 'sans-serif'; mso-bidi-font-family: Verdana\">\"Come gi\u00e0 successo altre volte, \u00e8 un figlio di Sardegna, della nostra provincia, che gi\u00e0 ha pagato anche in passato un pesante tributo al processo di pacificazione dell'Afghanistan e anche per questo - conclude l'esponente della Giunta - ci sentiamo ancora pi\u00f9 coinvolti. Una famiglia sconvolta, quella di Luca Sanna, una comunit\u00e0 sgomenta, Samugheo, che, come tutta la Sardegna, non pu\u00f2 darsi pace per questa ennesima tragedia\". Red.<\/SPAN><\/p>\n","protected":false},"excerpt":{"rendered":"<p>&#8211; L&#8217;assessore regionale dell&#8217;Industria, Oscar Cherchi, ha cos\u00ec commentato la morte del caporalmaggiore Sanna: &#8220;Ancora non si erano asciugate le lacrime sui volti dei familiari&#8230;<\/p>\n","protected":false},"author":2,"featured_media":0,"comment_status":"closed","ping_status":"closed","sticky":false,"template":"","format":"standard","meta":[],"categories":[49],"tags":[],"_links":{"self":[{"href":"https:\/\/www.cronacaonline.it\/index.php\/wp-json\/wp\/v2\/posts\/63999"}],"collection":[{"href":"https:\/\/www.cronacaonline.it\/index.php\/wp-json\/wp\/v2\/posts"}],"about":[{"href":"https:\/\/www.cronacaonline.it\/index.php\/wp-json\/wp\/v2\/types\/post"}],"author":[{"embeddable":true,"href":"https:\/\/www.cronacaonline.it\/index.php\/wp-json\/wp\/v2\/users\/2"}],"replies":[{"embeddable":true,"href":"https:\/\/www.cronacaonline.it\/index.php\/wp-json\/wp\/v2\/comments?post=63999"}],"version-history":[{"count":0,"href":"https:\/\/www.cronacaonline.it\/index.php\/wp-json\/wp\/v2\/posts\/63999\/revisions"}],"wp:attachment":[{"href":"https:\/\/www.cronacaonline.it\/index.php\/wp-json\/wp\/v2\/media?parent=63999"}],"wp:term":[{"taxonomy":"category","embeddable":true,"href":"https:\/\/www.cronacaonline.it\/index.php\/wp-json\/wp\/v2\/categories?post=63999"},{"taxonomy":"post_tag","embeddable":true,"href":"https:\/\/www.cronacaonline.it\/index.php\/wp-json\/wp\/v2\/tags?post=63999"}],"curies":[{"name":"wp","href":"https:\/\/api.w.org\/{rel}","templated":true}]}}