{"id":63955,"date":"2011-01-27T00:00:00","date_gmt":"2011-01-26T23:00:00","guid":{"rendered":"http:\/\/www.cronacaonline.it\/public\/content\/index.php\/2011\/01\/27\/caso-ruby-la-giunta-della-camera-afferma-a-maggioranza-che-la-competenza-non-e-tribunale-di-milano\/"},"modified":"2011-01-27T00:00:00","modified_gmt":"2011-01-26T23:00:00","slug":"caso-ruby-la-giunta-della-camera-afferma-a-maggioranza-che-la-competenza-non-e-tribunale-di-milano","status":"publish","type":"post","link":"https:\/\/www.cronacaonline.it\/index.php\/2011\/01\/27\/caso-ruby-la-giunta-della-camera-afferma-a-maggioranza-che-la-competenza-non-e-tribunale-di-milano\/","title":{"rendered":"Caso Ruby: la Giunta della Camera afferma a maggioranza che la competenza non \u00e8 Tribunale di Milano"},"content":{"rendered":"<p><SPAN style=\"WIDOWS: 2; TEXT-TRANSFORM: none; TEXT-INDENT: 0px; BORDER-COLLAPSE: separate; FONT: 16px 'Times New Roman'; WHITE-SPACE: normal; ORPHANS: 2; LETTER-SPACING: normal; COLOR: rgb(0,0,0); WORD-SPACING: 0px; -webkit-border-horizontal-spacing: 0px; -webkit-border-vertical-spacing: 0px; -webkit-text-decorations-in-effect: none; -webkit-text-size-adjust: auto; -webkit-text-stroke-width: 0px\" class=Apple-style-span><SPAN style=\"LINE-HEIGHT: 21px; FONT-FAMILY: Georgia, Palatino, serif; COLOR: rgb(70,70,70); FONT-SIZE: 14px\" class=Apple-style-span>La Giunta per le autorizzazioni della Camera ha votato la proposta del Pdl di restituire gli atti alla procura di Milano sul caso Ruby. I \u00abs\u00ec\u00bb sono stati undici, otto i \u00abno\u00bb. La proposta ora deve passare l'esame dell'Aula la quale dovr\u00e0 esprimersi con voto palese sul rinvio delle carte e servirebbe quindi una maggioranza di 316 deputati.<\/SPAN><\/SPAN><\/p>\n<p><SPAN style=\"WIDOWS: 2; TEXT-TRANSFORM: none; TEXT-INDENT: 0px; BORDER-COLLAPSE: separate; FONT: 16px 'Times New Roman'; WHITE-SPACE: normal; ORPHANS: 2; LETTER-SPACING: normal; COLOR: rgb(0,0,0); WORD-SPACING: 0px; -webkit-border-horizontal-spacing: 0px; -webkit-border-vertical-spacing: 0px; -webkit-text-decorations-in-effect: none; -webkit-text-size-adjust: auto; -webkit-text-stroke-width: 0px\" class=Apple-style-span><SPAN style=\"LINE-HEIGHT: 21px; FONT-FAMILY: Georgia, Palatino, serif; COLOR: rgb(70,70,70); FONT-SIZE: 14px\" class=Apple-style-span><SPAN style=\"WIDOWS: 2; TEXT-TRANSFORM: none; TEXT-INDENT: 0px; BORDER-COLLAPSE: separate; FONT: 16px 'Times New Roman'; WHITE-SPACE: normal; ORPHANS: 2; LETTER-SPACING: normal; COLOR: rgb(0,0,0); WORD-SPACING: 0px; -webkit-border-horizontal-spacing: 0px; -webkit-border-vertical-spacing: 0px; -webkit-text-decorations-in-effect: none; -webkit-text-size-adjust: auto; -webkit-text-stroke-width: 0px\" class=Apple-style-span><SPAN style=\"LINE-HEIGHT: 21px; FONT-FAMILY: Georgia, Palatino, serif; COLOR: rgb(70,70,70); FONT-SIZE: 14px\" class=Apple-style-span>Intervenendo durante i lavori, Maurizio Paniz ha esposto la tesi che competente sull'inchiesta non pu\u00f2 essere il Tribunale di Milano, bens\u00ec il Tribunale dei ministri in quanto Silvio Berlusconi avrebbe agito per motivi istituzionali quando si \u00e8 mosso per Karima \u00abRuby\u00bb El Mahroug fermata dalla questura di Milano, pensando che fosse la nipote del presidente egiziano Mubarak.<\/SPAN><\/SPAN><\/SPAN><\/SPAN><\/p>\n<p><SPAN style=\"WIDOWS: 2; TEXT-TRANSFORM: none; TEXT-INDENT: 0px; BORDER-COLLAPSE: separate; FONT: 16px 'Times New Roman'; WHITE-SPACE: normal; ORPHANS: 2; LETTER-SPACING: normal; COLOR: rgb(0,0,0); WORD-SPACING: 0px; -webkit-border-horizontal-spacing: 0px; -webkit-border-vertical-spacing: 0px; -webkit-text-decorations-in-effect: none; -webkit-text-size-adjust: auto; -webkit-text-stroke-width: 0px\" class=Apple-style-span><SPAN style=\"LINE-HEIGHT: 21px; FONT-FAMILY: Georgia, Palatino, serif; COLOR: rgb(70,70,70); FONT-SIZE: 14px\" class=Apple-style-span><SPAN style=\"WIDOWS: 2; TEXT-TRANSFORM: none; TEXT-INDENT: 0px; BORDER-COLLAPSE: separate; FONT: 16px 'Times New Roman'; WHITE-SPACE: normal; ORPHANS: 2; LETTER-SPACING: normal; COLOR: rgb(0,0,0); WORD-SPACING: 0px; -webkit-border-horizontal-spacing: 0px; -webkit-border-vertical-spacing: 0px; -webkit-text-decorations-in-effect: none; -webkit-text-size-adjust: auto; -webkit-text-stroke-width: 0px\" class=Apple-style-span><SPAN style=\"LINE-HEIGHT: 21px; FONT-FAMILY: Georgia, Palatino, serif; COLOR: rgb(70,70,70); FONT-SIZE: 14px\" class=Apple-style-span><SPAN style=\"WIDOWS: 2; TEXT-TRANSFORM: none; TEXT-INDENT: 0px; BORDER-COLLAPSE: separate; FONT: 16px 'Times New Roman'; WHITE-SPACE: normal; ORPHANS: 2; LETTER-SPACING: normal; COLOR: rgb(0,0,0); WORD-SPACING: 0px; -webkit-border-horizontal-spacing: 0px; -webkit-border-vertical-spacing: 0px; -webkit-text-decorations-in-effect: none; -webkit-text-size-adjust: auto; -webkit-text-stroke-width: 0px\" class=Apple-style-span><SPAN style=\"LINE-HEIGHT: 21px; FONT-FAMILY: Georgia, Palatino, serif; COLOR: rgb(70,70,70); FONT-SIZE: 14px\" class=Apple-style-span>L'assenza in giunta del deputato finiano Giuseppe Consolo, che sul<I>Corriere della Sera<\/I><SPAN class=Apple-converted-space>&nbsp;<\/SPAN>di gioved\u00ec sosteneva la competenza del Tribunale dei ministri, sarebbe il segnale che il Pdl ha interpretato come la possibilit\u00e0 di avere i voti necessari in Aula per respingere a Milano l'incartamento. Si tratta di un cambio di strategia, infatti<SPAN class=Apple-converted-space>&nbsp;<\/SPAN><a style=\"PADDING-BOTTOM: 0px; BORDER-RIGHT-WIDTH: 0px; FONT-STYLE: inherit; MARGIN: 0px; PADDING-LEFT: 0px; OUTLINE-WIDTH: 0px; PADDING-RIGHT: 0px; FONT-FAMILY: inherit; BORDER-TOP-WIDTH: 0px; BORDER-BOTTOM-WIDTH: 0px; COLOR: rgb(0,51,102); FONT-SIZE: 14px; VERTICAL-ALIGN: baseline; BORDER-LEFT-WIDTH: 0px; FONT-WEIGHT: inherit; TEXT-DECORATION: underline; PADDING-TOP: 0px\" href=\"http:\/\/www.corriere.it\/politica\/11_gennaio_25\/giunta-autorizzazione-camera_c24900f0-28b7-11e0-8de5-00144f02aabc.shtml\" target=\"\" rel=\"noopener noreferrer\"><U>sino al giorno prima il Pdl sosteneva l'esistenza del \u00abfumus persecutionis\u00bb nei confronti del Cavaliere<SPAN class=Apple-converted-space>&nbsp;<\/SPAN><\/U><\/A>e se la giunta si fosse espressa solo sulla richiesta di concedere o meno l'autorizzazione a perquisire gli uffici del ragioniere del premier, Giuseppe Spinelli, il voto dell'Aula sarebbe stato segreto. Invece con il conflitto di competenza, il voto diventa palese e la maggioranza,<SPAN class=Apple-converted-space>&nbsp;<\/SPAN><a style=\"PADDING-BOTTOM: 0px; BORDER-RIGHT-WIDTH: 0px; FONT-STYLE: inherit; MARGIN: 0px; PADDING-LEFT: 0px; OUTLINE-WIDTH: 0px; PADDING-RIGHT: 0px; FONT-FAMILY: inherit; BORDER-TOP-WIDTH: 0px; BORDER-BOTTOM-WIDTH: 0px; COLOR: rgb(0,51,102); FONT-SIZE: 14px; VERTICAL-ALIGN: baseline; BORDER-LEFT-WIDTH: 0px; FONT-WEIGHT: inherit; TEXT-DECORATION: underline; PADDING-TOP: 0px\" href=\"http:\/\/www.corriere.it\/politica\/11_gennaio_26\/bondi-mozione-sfiducia-voto_33f7d200-2947-11e0-b732-00144f02aabc.shtml\" target=\"\" rel=\"noopener noreferrer\"><U>forte della fiducia ottenuta mercoled\u00ec dal ministro Bondi<\/U><\/A>, dimostra di essere sicura di ottenere i numeri necessari. Una volta passati gli atti al Tribunale dei ministri, si potrebbe giocare anche la carta del<SPAN class=Apple-converted-space>&nbsp;<\/SPAN><I>fumus persecutionis<\/I>: la Procura di Milano, sarebbe la tesi, \u00e8 andata avanti \u00abben sapendo di non essere competente\u00bb, solo per \u00abmero intento persecutorio. A quel punto - si assicura nella maggioranza - tutti gli atti della procura sarebbero nulli\u00bb.<\/SPAN><\/SPAN><\/SPAN><\/SPAN><\/SPAN><\/SPAN><\/p>\n","protected":false},"excerpt":{"rendered":"<p>La Giunta per le autorizzazioni della Camera ha votato la proposta del Pdl di restituire gli atti alla procura di Milano sul caso Ruby. I&#8230;<\/p>\n","protected":false},"author":2,"featured_media":0,"comment_status":"closed","ping_status":"closed","sticky":false,"template":"","format":"standard","meta":[],"categories":[49],"tags":[],"_links":{"self":[{"href":"https:\/\/www.cronacaonline.it\/index.php\/wp-json\/wp\/v2\/posts\/63955"}],"collection":[{"href":"https:\/\/www.cronacaonline.it\/index.php\/wp-json\/wp\/v2\/posts"}],"about":[{"href":"https:\/\/www.cronacaonline.it\/index.php\/wp-json\/wp\/v2\/types\/post"}],"author":[{"embeddable":true,"href":"https:\/\/www.cronacaonline.it\/index.php\/wp-json\/wp\/v2\/users\/2"}],"replies":[{"embeddable":true,"href":"https:\/\/www.cronacaonline.it\/index.php\/wp-json\/wp\/v2\/comments?post=63955"}],"version-history":[{"count":0,"href":"https:\/\/www.cronacaonline.it\/index.php\/wp-json\/wp\/v2\/posts\/63955\/revisions"}],"wp:attachment":[{"href":"https:\/\/www.cronacaonline.it\/index.php\/wp-json\/wp\/v2\/media?parent=63955"}],"wp:term":[{"taxonomy":"category","embeddable":true,"href":"https:\/\/www.cronacaonline.it\/index.php\/wp-json\/wp\/v2\/categories?post=63955"},{"taxonomy":"post_tag","embeddable":true,"href":"https:\/\/www.cronacaonline.it\/index.php\/wp-json\/wp\/v2\/tags?post=63955"}],"curies":[{"name":"wp","href":"https:\/\/api.w.org\/{rel}","templated":true}]}}