{"id":63929,"date":"2011-01-28T00:00:00","date_gmt":"2011-01-27T23:00:00","guid":{"rendered":"http:\/\/www.cronacaonline.it\/public\/content\/index.php\/2011\/01\/28\/a-nuoro-si-ufficializza-lapertura-dellanno-europeo-del-volontariato\/"},"modified":"2011-01-28T00:00:00","modified_gmt":"2011-01-27T23:00:00","slug":"a-nuoro-si-ufficializza-lapertura-dellanno-europeo-del-volontariato","status":"publish","type":"post","link":"https:\/\/www.cronacaonline.it\/index.php\/2011\/01\/28\/a-nuoro-si-ufficializza-lapertura-dellanno-europeo-del-volontariato\/","title":{"rendered":"A Nuoro si ufficializza l&#8217;apertura dell&#8217;Anno Europeo del Volontariato."},"content":{"rendered":"<p><SPAN style=\"FONT-FAMILY: 'Verdana', 'sans-serif'; COLOR: black; mso-bidi-font-family: Verdana; mso-ansi-language: #0010\" lang=it>&nbsp;Domani, sabato 29 gennaio, dalle ore 16.00, presso la tendo-struttura che sar\u00e0 montata nei giardini pubblici di Piazza Vittorio Emanuele, a Nuoro, le associazioni di volontariato dell'Isola ufficializzano l'apertura dell'Anno Europeo del Volontariato.<\/SPAN><\/p>\n<p><SPAN style=\"FONT-FAMILY: 'Verdana', 'sans-serif'; COLOR: black; mso-bidi-font-family: Verdana; mso-ansi-language: #0010\" lang=it><SPAN style=\"mso-spacerun: yes\">&nbsp; <\/SPAN><\/SPAN><\/p>\n<p><SPAN style=\"FONT-FAMILY: 'Verdana', 'sans-serif'; COLOR: black; mso-bidi-font-family: Verdana; mso-ansi-language: #0010\" lang=it>Giampiero Farru, presidente del Centro di Servizio per il Volontariato Sardegna Solidale, in merito all'evento ha affermato: \"La manifestazione \u00e8 particolarmente significativa per sensibilizzare l'opinione pubblica ai temi della solidariet\u00e0 e dell'impegno nel volontariato e per la visibilit\u00e0 che offre alle associazioni che gi\u00e0 operano in Sardegna\". <\/SPAN><\/p>\n<p><SPAN style=\"FONT-FAMILY: 'Verdana', 'sans-serif'; COLOR: black; mso-bidi-font-family: Verdana; mso-ansi-language: #0010\" lang=it>&nbsp;<\/SPAN><\/p>\n<p><SPAN style=\"FONT-FAMILY: 'Verdana', 'sans-serif'; COLOR: black; mso-bidi-font-family: Verdana; mso-ansi-language: #0010\" lang=it>Lo slogan ufficiale dell'anno europeo del volontariato \"Volunteer! Make a difference\" \u00e8 stato rivisitato e adattato in \"Volunteer! Make a difference \u2026e lasciamo un seme!\".<\/SPAN><\/p>\n<p><SPAN style=\"FONT-FAMILY: 'Verdana', 'sans-serif'; COLOR: black; mso-bidi-font-family: Verdana; mso-ansi-language: #0010\" lang=it>&nbsp;<\/SPAN><\/p>\n<p><SPAN style=\"FONT-FAMILY: 'Verdana', 'sans-serif'; COLOR: black; mso-bidi-font-family: Verdana; mso-ansi-language: #0010\" lang=it>Nel corso della cerimonia, che prevede gli interventi delle autorit\u00e0, saranno presentate le iniziative promosse nell'Isola dal CSV Sardegna Solidale per il 2011: \"Le Piazze della Solidariet\u00e0 Volunteer! Make a difference ...e lasciamo un seme!\", \"Il Tour della Sardegna Solidale\" e l'iniziativa Internazionale \"Il Volontariato sardo abbraccia l'Europa\". Saranno, inoltre, presentati i materiali relativi al 2011: i Semi di Pietra di Pinuccio Sciola, i Manifesti di promozione del volontariato di Beppi Vigna e gadgets vari a disposizione di associazioni e cittadini. Com.<\/SPAN><SPAN style=\"FONT-FAMILY: 'Verdana', 'sans-serif'; mso-bidi-font-family: Verdana; mso-ansi-language: #0010\" lang=it><\/SPAN><\/p>\n","protected":false},"excerpt":{"rendered":"<p>&nbsp;Domani, sabato 29 gennaio, dalle ore 16.00, presso la tendo-struttura che sar\u00e0 montata nei giardini pubblici di Piazza Vittorio Emanuele, a Nuoro, le associazioni di&#8230;<\/p>\n","protected":false},"author":2,"featured_media":0,"comment_status":"closed","ping_status":"closed","sticky":false,"template":"","format":"standard","meta":[],"categories":[49],"tags":[],"_links":{"self":[{"href":"https:\/\/www.cronacaonline.it\/index.php\/wp-json\/wp\/v2\/posts\/63929"}],"collection":[{"href":"https:\/\/www.cronacaonline.it\/index.php\/wp-json\/wp\/v2\/posts"}],"about":[{"href":"https:\/\/www.cronacaonline.it\/index.php\/wp-json\/wp\/v2\/types\/post"}],"author":[{"embeddable":true,"href":"https:\/\/www.cronacaonline.it\/index.php\/wp-json\/wp\/v2\/users\/2"}],"replies":[{"embeddable":true,"href":"https:\/\/www.cronacaonline.it\/index.php\/wp-json\/wp\/v2\/comments?post=63929"}],"version-history":[{"count":0,"href":"https:\/\/www.cronacaonline.it\/index.php\/wp-json\/wp\/v2\/posts\/63929\/revisions"}],"wp:attachment":[{"href":"https:\/\/www.cronacaonline.it\/index.php\/wp-json\/wp\/v2\/media?parent=63929"}],"wp:term":[{"taxonomy":"category","embeddable":true,"href":"https:\/\/www.cronacaonline.it\/index.php\/wp-json\/wp\/v2\/categories?post=63929"},{"taxonomy":"post_tag","embeddable":true,"href":"https:\/\/www.cronacaonline.it\/index.php\/wp-json\/wp\/v2\/tags?post=63929"}],"curies":[{"name":"wp","href":"https:\/\/api.w.org\/{rel}","templated":true}]}}