{"id":63926,"date":"2011-01-22T00:00:00","date_gmt":"2011-01-21T23:00:00","guid":{"rendered":"http:\/\/www.cronacaonline.it\/public\/content\/index.php\/2011\/01\/22\/il-teatro-centrale-alidos-organizza-il-corso-di-aggiornamento-e-perfezionamento-per-attori-diretto-da-ivan-tanteri\/"},"modified":"2011-01-22T00:00:00","modified_gmt":"2011-01-21T23:00:00","slug":"il-teatro-centrale-alidos-organizza-il-corso-di-aggiornamento-e-perfezionamento-per-attori-diretto-da-ivan-tanteri","status":"publish","type":"post","link":"https:\/\/www.cronacaonline.it\/index.php\/2011\/01\/22\/il-teatro-centrale-alidos-organizza-il-corso-di-aggiornamento-e-perfezionamento-per-attori-diretto-da-ivan-tanteri\/","title":{"rendered":"Il Teatro Centrale Alidos organizza il Corso di aggiornamento e perfezionamento per attori diretto da Ivan Tanteri."},"content":{"rendered":"<p><SPAN style=\"FONT-FAMILY: 'Verdana', 'sans-serif'; mso-bidi-font-family: Verdana\">Proseguono le attivit\u00e0 della Scuola di teatro degli Actores Alidos: luned\u00ec 24 gennaio infatti parte il corso di aggiornamento e perfezionamento per attori diretto da Ivan Tanteri, attore storico e regista della Compagnia Teatro Potlach di Fara in Sabina (RI).<\/SPAN><\/p>\n<p><SPAN style=\"FONT-FAMILY: 'Verdana', 'sans-serif'; mso-bidi-font-family: Verdana\">Dopo il corso di canto a cappella per voci femminili tenuto da Valeria Pilia, attrice e cantante del Teatro Actores Alidos e allo stage di tessuto acrobatico e di trapezio tenuto da Virginia Viviano attualmente attivi, prende avvio ora quello rivolto agli attori che, fino a sabato 29 Gennaio, proseguir\u00e0 quotidianamente per sette ore al giorno. <\/SPAN><\/p>\n<p><SPAN style=\"FONT-FAMILY: 'Verdana', 'sans-serif'; mso-bidi-font-family: Verdana\">Ivan Tanteri, figura significativa del teatro d\u2019avanguardia italiano, che da oltre trent'anni porta il nome dell'arte scenica italiana nel mondo, metter\u00e0 a disposizione dei giovani attori la propria esperienza in una settimana di lavoro particolarmente intensa.<\/SPAN><\/p>\n<p><SPAN style=\"FONT-FAMILY: 'Verdana', 'sans-serif'; mso-bidi-font-family: Verdana\">L'attore concentrer\u00e0 il lavoro sull'uso della voce e sul linguaggio del corpo inteso come sviluppo della capacit\u00e0 di apprendimento delle possibilit\u00e0 fisiche per raccontare una storia attraverso la conoscenza del proprio corpo e, per sviluppare la percezione scenica, si eseguiranno esercizi individuali e collettivi anche in rapporto dello spazio scenico a partire dagli ingressi in scena e dai ritmi delle azioni teatrali, analizzando il metodo \"Voce in movimento\".<\/SPAN><\/p>\n<p><SPAN style=\"FONT-FAMILY: 'Verdana', 'sans-serif'; mso-bidi-font-family: Verdana\">Per informazioni ed iscrizioni rivolgersi all\u2019Ufficio Organizzativo del Teatro Alidos ai numeri 070 828331\/8899027, dalle ore 09.00 alle ore 18.00. Com.<\/SPAN><\/p>\n","protected":false},"excerpt":{"rendered":"<p>Proseguono le attivit\u00e0 della Scuola di teatro degli Actores Alidos: luned\u00ec 24 gennaio infatti parte il corso di aggiornamento e perfezionamento per attori diretto da&#8230;<\/p>\n","protected":false},"author":2,"featured_media":0,"comment_status":"closed","ping_status":"closed","sticky":false,"template":"","format":"standard","meta":[],"categories":[49],"tags":[],"_links":{"self":[{"href":"https:\/\/www.cronacaonline.it\/index.php\/wp-json\/wp\/v2\/posts\/63926"}],"collection":[{"href":"https:\/\/www.cronacaonline.it\/index.php\/wp-json\/wp\/v2\/posts"}],"about":[{"href":"https:\/\/www.cronacaonline.it\/index.php\/wp-json\/wp\/v2\/types\/post"}],"author":[{"embeddable":true,"href":"https:\/\/www.cronacaonline.it\/index.php\/wp-json\/wp\/v2\/users\/2"}],"replies":[{"embeddable":true,"href":"https:\/\/www.cronacaonline.it\/index.php\/wp-json\/wp\/v2\/comments?post=63926"}],"version-history":[{"count":0,"href":"https:\/\/www.cronacaonline.it\/index.php\/wp-json\/wp\/v2\/posts\/63926\/revisions"}],"wp:attachment":[{"href":"https:\/\/www.cronacaonline.it\/index.php\/wp-json\/wp\/v2\/media?parent=63926"}],"wp:term":[{"taxonomy":"category","embeddable":true,"href":"https:\/\/www.cronacaonline.it\/index.php\/wp-json\/wp\/v2\/categories?post=63926"},{"taxonomy":"post_tag","embeddable":true,"href":"https:\/\/www.cronacaonline.it\/index.php\/wp-json\/wp\/v2\/tags?post=63926"}],"curies":[{"name":"wp","href":"https:\/\/api.w.org\/{rel}","templated":true}]}}