{"id":63856,"date":"2011-01-28T00:00:00","date_gmt":"2011-01-27T23:00:00","guid":{"rendered":"http:\/\/www.cronacaonline.it\/public\/content\/index.php\/2011\/01\/28\/domani-a-cagliari-la-presentazione-del-dizionario-gramsciano-19261937\/"},"modified":"2011-01-28T00:00:00","modified_gmt":"2011-01-27T23:00:00","slug":"domani-a-cagliari-la-presentazione-del-dizionario-gramsciano-19261937","status":"publish","type":"post","link":"https:\/\/www.cronacaonline.it\/index.php\/2011\/01\/28\/domani-a-cagliari-la-presentazione-del-dizionario-gramsciano-19261937\/","title":{"rendered":"Domani a Cagliari la presentazione del &#8220;Dizionario gramsciano 19261937&#8221;."},"content":{"rendered":"<p><SPAN style=\"FONT-FAMILY: 'Verdana', 'sans-serif'; mso-bidi-font-family: Verdana\">&nbsp;Domani, sabato 29 gennaio, alle ore 10.00, presso l'Aula magna Motzo della Facolt\u00e0 di Lettere e Filosofia, in via Is Mirrionis 1, si terr\u00e0 la presentazione del \"Dizionario gramsciano 19261937\", a cura di Liguori, Voza, edizione Carocci 2009.<\/SPAN><\/p>\n<p><SPAN style=\"FONT-FAMILY: 'Verdana', 'sans-serif'; mso-bidi-font-family: Verdana\">L'iniziativa, organizzata dall'Associazione Culturale Antonio Gramsci Cagliari, Associazione Terra Gramsci, in collaborazione con UNICA2.0, Collettivi di Lingue e Fisica e UDU, vede il contributo del Gruppo della Federazione della Sinistra in Provincia di Cagliari. <\/SPAN><\/p>\n<p><SPAN style=\"FONT-FAMILY: 'Verdana', 'sans-serif'; mso-bidi-font-family: Verdana\">All'evento saranno presenti e interveranno Guido Liguori, curatore dell'opera e presidente dell'IGS Italia, Lea Durante, vice presidente dell'IGS Italia, Giulio Angioni, docente Universit\u00e0 di Cagliari, Gianni Fresu, ricercatore Universit\u00e0 di Cagliari e Simone Seu, dell'Associazione A. Gramsci, che coordiner\u00e0 i lavori. Com.<\/SPAN><\/p>\n","protected":false},"excerpt":{"rendered":"<p>&nbsp;Domani, sabato 29 gennaio, alle ore 10.00, presso l&#8217;Aula magna Motzo della Facolt\u00e0 di Lettere e Filosofia, in via Is Mirrionis 1, si terr\u00e0 la&#8230;<\/p>\n","protected":false},"author":2,"featured_media":0,"comment_status":"closed","ping_status":"closed","sticky":false,"template":"","format":"standard","meta":[],"categories":[49],"tags":[],"_links":{"self":[{"href":"https:\/\/www.cronacaonline.it\/index.php\/wp-json\/wp\/v2\/posts\/63856"}],"collection":[{"href":"https:\/\/www.cronacaonline.it\/index.php\/wp-json\/wp\/v2\/posts"}],"about":[{"href":"https:\/\/www.cronacaonline.it\/index.php\/wp-json\/wp\/v2\/types\/post"}],"author":[{"embeddable":true,"href":"https:\/\/www.cronacaonline.it\/index.php\/wp-json\/wp\/v2\/users\/2"}],"replies":[{"embeddable":true,"href":"https:\/\/www.cronacaonline.it\/index.php\/wp-json\/wp\/v2\/comments?post=63856"}],"version-history":[{"count":0,"href":"https:\/\/www.cronacaonline.it\/index.php\/wp-json\/wp\/v2\/posts\/63856\/revisions"}],"wp:attachment":[{"href":"https:\/\/www.cronacaonline.it\/index.php\/wp-json\/wp\/v2\/media?parent=63856"}],"wp:term":[{"taxonomy":"category","embeddable":true,"href":"https:\/\/www.cronacaonline.it\/index.php\/wp-json\/wp\/v2\/categories?post=63856"},{"taxonomy":"post_tag","embeddable":true,"href":"https:\/\/www.cronacaonline.it\/index.php\/wp-json\/wp\/v2\/tags?post=63856"}],"curies":[{"name":"wp","href":"https:\/\/api.w.org\/{rel}","templated":true}]}}