{"id":63843,"date":"2011-01-25T00:00:00","date_gmt":"2011-01-24T23:00:00","guid":{"rendered":"http:\/\/www.cronacaonline.it\/public\/content\/index.php\/2011\/01\/25\/contro-il-catrame-spiegamento-di-uomini-e-mezzi-a-stintino-si-lavora-per-ripulire-le-spiagge-colpite\/"},"modified":"2011-01-25T00:00:00","modified_gmt":"2011-01-24T23:00:00","slug":"contro-il-catrame-spiegamento-di-uomini-e-mezzi-a-stintino-si-lavora-per-ripulire-le-spiagge-colpite","status":"publish","type":"post","link":"https:\/\/www.cronacaonline.it\/index.php\/2011\/01\/25\/contro-il-catrame-spiegamento-di-uomini-e-mezzi-a-stintino-si-lavora-per-ripulire-le-spiagge-colpite\/","title":{"rendered":"Contro il catrame spiegamento di uomini e mezzi, a Stintino si lavora per ripulire le spiagge colpite."},"content":{"rendered":"<p><SPAN style=\"LINE-HEIGHT: 115%; FONT-FAMILY: 'Verdana', 'sans-serif'; FONT-SIZE: 12pt\">A Stintino \u00e8 sempre allerta catrame e allo stesso tempo c\u2019\u00e8 la speranza che il pericolo, almeno quello pi\u00f9 grosso, possa essere superato. Il prodotto che si \u00e8 spiaggiato ieri sul litorale tra Ezzi Mannu e le Saline e nelle spiaggette vicino al paese, nella convinzione degli amministratori di Stintino \u00abpotrebbero essere stato soltanto un residuo che ancora vagava per il golfo dell\u2019Asinara\u00bb. Poco materiale inquinante quindi ma diffuso e ieri gli operai al lavoro ne hanno raccolto circa 4 chili.<\/SPAN><\/p>\n<p><SPAN style=\"LINE-HEIGHT: 115%; FONT-FAMILY: 'Verdana', 'sans-serif'; FONT-SIZE: 12pt\">\u00abLa macchina di intervento era gi\u00e0 stata allertata dal giorno dell\u2019incidente al molo industriale e ieri si \u00e8 messa subito in moto \u2013 <B style=\"mso-bidi-font-weight: normal\">ha detto il sindaco di Stintino Antonio Diana<\/B> \u2013; c\u2019\u00e8 un costante aggiornamento con la Capitaneria di porto di Porto Torres e la Provincia\u00bb.<\/SPAN><\/p>\n<p><B style=\"mso-bidi-font-weight: normal\"><SPAN style=\"LINE-HEIGHT: 115%; FONT-FAMILY: 'Verdana', 'sans-serif'; FONT-SIZE: 12pt\">L\u2019amministrazione comunale, che sta monitorando la situazione anche con un tavolo di lavoro locale, ha messo in campo da subito, tra squadre di barracelli e operai comunali, circa 20 persone che stanno battendo palmo a palmo tutta la costa.<\/SPAN><\/B><SPAN style=\"LINE-HEIGHT: 115%; FONT-FAMILY: 'Verdana', 'sans-serif'; FONT-SIZE: 12pt\"> A queste si aggiungono le due squadre della Verde Vita che questa mattina, per conto della E.On, hanno ripreso le operazioni di pulizia: la prima squadra \u00e8 partita dal porto Minori di Stintino in direzione della torre delle Saline, la seconda invece ha ripreso i lavori a Ezzi Mannu per dirigersi alla torre delle Saline. <\/SPAN><\/p>\n<p><B style=\"mso-bidi-font-weight: normal\"><SPAN style=\"LINE-HEIGHT: 115%; FONT-FAMILY: 'Verdana', 'sans-serif'; FONT-SIZE: 12pt\">Questa mattina era in azione anche la Capitaneria di porto<\/SPAN><\/B><SPAN style=\"LINE-HEIGHT: 115%; FONT-FAMILY: 'Verdana', 'sans-serif'; FONT-SIZE: 12pt\"> che dal mare ha perlustrato il tratto interessato dall\u2019arrivo del catrame. A terra invece erano in azione gli uomini della Delegazione di mare. Accompagnati dal comandante Agatino Carciola, il primo cittadino e l\u2019assessore alle manutenzione Angelo Moschella hanno fatto un sopralluogo a Ezzi Mannu per monitorare le operazioni di bonifica.<\/SPAN><\/p>\n<p><SPAN style=\"LINE-HEIGHT: 115%; FONT-FAMILY: 'Verdana', 'sans-serif'; FONT-SIZE: 12pt\">\u00abSperiamo di scongiurare il danno ambientale e di far rientrare entro breve tempo l\u2019emergenza \u2013 <B style=\"mso-bidi-font-weight: normal\">ha<\/B> <B style=\"mso-bidi-font-weight: normal\">ripreso il sindaco<\/B> \u2013 quello che ci preoccupa \u00e8 la ricaduta negativa di immagine. Le amministrazioni spendono tanto per valorizzare il territorio quindi per promuoverlo in Italia e all\u2019estero e poi tutto il lavoro pu\u00f2 essere inficiato da un incidente come questo\u00bb.<\/SPAN><\/p>\n<p><SPAN style=\"LINE-HEIGHT: 115%; FONT-FAMILY: 'Verdana', 'sans-serif'; FONT-SIZE: 12pt\">\u00abPur essendo minima la quantit\u00e0 arrivata a Stintino \u2013 <B style=\"mso-bidi-font-weight: normal\">ha proseguito Antonio Diana<\/B> \u2013 le operazioni non si fermeranno sino a che non sar\u00e0 ripulito tutto. Sulle spiagge non dovr\u00e0 esserci nemmeno un centimetro quadrato di catrame\u00bb.<\/SPAN><\/p>\n<p><SPAN style=\"LINE-HEIGHT: 115%; FONT-FAMILY: 'Verdana', 'sans-serif'; FONT-SIZE: 12pt\">La Pelosa \u00e8 stata controllata e al momento non ci sarebbero segnalazione di palle di catrame sull\u2019arenile gioiello del nord Sardegna.<\/SPAN><\/p>\n<p><SPAN style=\"LINE-HEIGHT: 115%; FONT-FAMILY: 'Verdana', 'sans-serif'; FONT-SIZE: 12pt\">\u00abVogliamo rassicurare i cittadini \u2013 <B style=\"mso-bidi-font-weight: normal\">ha<\/B> <B style=\"mso-bidi-font-weight: normal\">concluso il sindaco<\/B> \u2013 che si sta facendo di tutto, con spiegamento di uomini e mezzi, per recuperare il territorio e perch\u00e9 al danno ambientale non si aggiunga il danno di immagine\u00bb. Red-com<\/SPAN><\/p>\n","protected":false},"excerpt":{"rendered":"<p>A Stintino \u00e8 sempre allerta catrame e allo stesso tempo c\u2019\u00e8 la speranza che il pericolo, almeno quello pi\u00f9 grosso, possa essere superato. Il prodotto&#8230;<\/p>\n","protected":false},"author":2,"featured_media":0,"comment_status":"closed","ping_status":"closed","sticky":false,"template":"","format":"standard","meta":[],"categories":[49],"tags":[],"_links":{"self":[{"href":"https:\/\/www.cronacaonline.it\/index.php\/wp-json\/wp\/v2\/posts\/63843"}],"collection":[{"href":"https:\/\/www.cronacaonline.it\/index.php\/wp-json\/wp\/v2\/posts"}],"about":[{"href":"https:\/\/www.cronacaonline.it\/index.php\/wp-json\/wp\/v2\/types\/post"}],"author":[{"embeddable":true,"href":"https:\/\/www.cronacaonline.it\/index.php\/wp-json\/wp\/v2\/users\/2"}],"replies":[{"embeddable":true,"href":"https:\/\/www.cronacaonline.it\/index.php\/wp-json\/wp\/v2\/comments?post=63843"}],"version-history":[{"count":0,"href":"https:\/\/www.cronacaonline.it\/index.php\/wp-json\/wp\/v2\/posts\/63843\/revisions"}],"wp:attachment":[{"href":"https:\/\/www.cronacaonline.it\/index.php\/wp-json\/wp\/v2\/media?parent=63843"}],"wp:term":[{"taxonomy":"category","embeddable":true,"href":"https:\/\/www.cronacaonline.it\/index.php\/wp-json\/wp\/v2\/categories?post=63843"},{"taxonomy":"post_tag","embeddable":true,"href":"https:\/\/www.cronacaonline.it\/index.php\/wp-json\/wp\/v2\/tags?post=63843"}],"curies":[{"name":"wp","href":"https:\/\/api.w.org\/{rel}","templated":true}]}}