{"id":63771,"date":"2011-01-25T00:00:00","date_gmt":"2011-01-24T23:00:00","guid":{"rendered":"http:\/\/www.cronacaonline.it\/public\/content\/index.php\/2011\/01\/25\/commissione-sanita-voto-favorevole-per-borse-di-studio-in-favore-dei-laureati-in-farmacia-che-frequentano-scuole-di-specializzazione-delle-universita-di-cagliari-e-sassari\/"},"modified":"2011-01-25T00:00:00","modified_gmt":"2011-01-24T23:00:00","slug":"commissione-sanita-voto-favorevole-per-borse-di-studio-in-favore-dei-laureati-in-farmacia-che-frequentano-scuole-di-specializzazione-delle-universita-di-cagliari-e-sassari","status":"publish","type":"post","link":"https:\/\/www.cronacaonline.it\/index.php\/2011\/01\/25\/commissione-sanita-voto-favorevole-per-borse-di-studio-in-favore-dei-laureati-in-farmacia-che-frequentano-scuole-di-specializzazione-delle-universita-di-cagliari-e-sassari\/","title":{"rendered":"Commissione Sanit\u00e0 &#8211; Voto favorevole per borse di studio in favore dei laureati in Farmacia che frequentano scuole di specializzazione delle Universit\u00e0 di Cagliari e Sassari."},"content":{"rendered":"<p><SPAN style=\"FONT-FAMILY: 'Verdana', 'sans-serif'; mso-bidi-font-family: Verdana\">La commissione Sanit\u00e0, riunitasi quest'oggi sotto la presidenza di Felicetto Contu (Udc), ha espresso parere favorevole all'unanimit\u00e0 sulla delibera P\/126, che prevede uno stanziamento pari a 58.017,50 euro per gli anni 2009\/2010 da destinare a borse di studio in favore dei laureati in Farmacia per la frequentazione delle Scuole di specializzazione delle Universit\u00e0 di Cagliari e Sassari.<\/SPAN><\/p>\n<p><SPAN style=\"FONT-FAMILY: 'Verdana', 'sans-serif'; mso-bidi-font-family: Verdana\">In primis l'assessore regionale alla sanit\u00e0, Antonangelo Liori, nel corso dell'illustrazione alla commissione del contenuto della delibera P\/128 \"Programmi di investimenti in conto capitale delle Aziende sanitarie della Sardegna\" per il 2010, ha precisato che la disponibilit\u00e0 di risorse finanziarie regionali ammonta a 38.706.400 euro e risponde al \"riconoscimento di un ritardo in questo settore, a cui riteniamo giusto porre rimedio per mettere le strutture sanitarie nella condizione di operare in maniera pi\u00f9 efficace\". <\/SPAN><\/p>\n<p><SPAN style=\"FONT-FAMILY: 'Verdana', 'sans-serif'; mso-bidi-font-family: Verdana\">\"L'assegnazione di risorse terr\u00e0 conto - ha spiegato l'assessore - delle esigenze e dei criteri di priorit\u00e0 indicati dalle diverse Aziende Sanitarie, che riguarderanno l'acquisizione di attrezzature, apparecchiature, arredi e tecnologie sanitarie necessaria all'ammodernamento\". <\/SPAN><\/p>\n<p><SPAN style=\"FONT-FAMILY: 'Verdana', 'sans-serif'; mso-bidi-font-family: Verdana\">\"Per la prima volta - ha precisato Liori - seguiremo dei criteri che tengano conto sia della distribuzione delle somme, per ottenere un riequilibrio degli investimenti, sia dei fondi di cui le strutture sanitarie hanno beneficiato negli ultimi dieci anni\". <\/SPAN><\/p>\n<p><SPAN style=\"FONT-FAMILY: 'Verdana', 'sans-serif'; mso-bidi-font-family: Verdana\">Pier Luigi Caria (Pd) ha chiesto all'assessore chiarimenti su una precedente delibera che stanziava quattromilioni di euro a favore della&#8217;Asl 2 di Olbia, mentre Valerio Meloni (Pd) ha richiesto l'acquisizione dei documenti che stabiliscono le indicazioni sulle priorit\u00e0 espresse da commissari e Asl, e che la votazione sul P\/128 venisse rimandata a un momento successivo \"non perch\u00e9 vi sia da parte mia sfiducia sull'operato dell&#8217;assessore - ha precisato - ma perch\u00e9 intendo svolgere appieno il mio ruolo politico di verifica\". <\/SPAN><\/p>\n<p><SPAN style=\"FONT-FAMILY: 'Verdana', 'sans-serif'; mso-bidi-font-family: Verdana\">Marco Espa (Pd) ha dichiarato che il finanziamento stanziato a favore dell'azienda ospedaliera Brotzu, pari a quasi duemilioni di euro, \"sia poco, considerato che si tratta di un polo di eccellenza\". Dal canto suo Gianvittorio Campus (Pdl) ha espresso parere favorevole all'azione di riequilibrio finanziario rispetto ai dieci anni precedenti, mentre si \u00e8 detto \"perplesso sull'utilizzo del criterio di riparto del Fondo sanitario nazionale che penalizza in realt\u00e0 le aziende ospedaliere\". <\/SPAN><\/p>\n<p><SPAN style=\"FONT-FAMILY: 'Verdana', 'sans-serif'; mso-bidi-font-family: Verdana\">Inoltre Campus ha domandato all'assessore maggiore celerit\u00e0 nel presentare la proposta di riparto per i fondi 2011, esprimendo la contrariet\u00e0 del suo Gruppo alla possibilit\u00e0 di sospendere la votazione sulla delibera. Franco Meloni (Riformatori Sardi - Liberaldemocratici) si \u00e8 detto invece favorevole alla proposta dell'opposizione di rimandare la votazione, e ha dichiarato di avere \"parecchie perplessit\u00e0, soprattutto in merito a criteri che, a mio avviso, non sono adeguati, perch\u00e9 distribuiscono la tecnologia senza tenere conto delle aziende ospedaliere\" come quelle del Brotzu, di Sassari e di Cagliari \"che ne hanno di certo maggiore necessit\u00e0\". <\/SPAN><\/p>\n<p><SPAN style=\"FONT-FAMILY: 'Verdana', 'sans-serif'; mso-bidi-font-family: Verdana\">Per Roberto Capelli (Gruppo Misto) \u00e8 necessario \"stabilire che tipo di struttura dei servizi sanitari si intenda dare alla Sardegna e, in questo modo, concentrare gli investimenti, in considerazione di un regime di poca disponibilit\u00e0 finanziaria\". <\/SPAN><\/p>\n<p><SPAN style=\"FONT-FAMILY: 'Verdana', 'sans-serif'; mso-bidi-font-family: Verdana\">Dopo che il presidente Contu ha rimandato la votazione della delibera a mercoled\u00ec 2 febbraio, la commissione ha sentito in audizione le organizzazioni sindacali delle segreterie territoriali di Cagliari sulla vertenza Kinetica Sardegna, la societ\u00e0 titolare delle tre case di cura Polispecialistica Sant'Elena, Citt\u00e0 di Quartu e San Salvatore, che intende avviare le procedure di mobilit\u00e0 per 121 dipendenti. <\/SPAN><\/p>\n<p><SPAN style=\"FONT-FAMILY: 'Verdana', 'sans-serif'; mso-bidi-font-family: Verdana\">Il segretario della Uil-Fpl, Fulvia Murru, si \u00e8 detta \"preoccupata\" per il destino del gruppo Kinetica di Quartu ed ha denunciato una situazione di \"guerra tra imprenditoria e politica, che utilizza i lavoratori come scudo umano\". <\/SPAN><\/p>\n<p><SPAN style=\"FONT-FAMILY: 'Verdana', 'sans-serif'; mso-bidi-font-family: Verdana\">Secondo Murru, Kinetica \u00e8 una societ\u00e0 \"in attivo, che licenzia i dipendenti con la scusa dei fondi regionali insufficienti\". Giovanni Sainas, segretario della Cisl-Fps, ha sottolineato che Kinetica \"sopravvivendo con fondi pubblici, non solo non investe un euro in rischio d'impresa, ma crea anche disagi con i licenziamenti\". <\/SPAN><\/p>\n<p><SPAN style=\"FONT-FAMILY: 'Verdana', 'sans-serif'; mso-bidi-font-family: Verdana\">Giacomo Meloni, segretario della Css, ha parlato di \"un braccio di ferro tra la societ\u00e0 e l'assessorato\" per via delle procedure di accreditamento, che avrebbe determinato la chiusura del San Salvatore, mentre il segretario della Cgil-Fp, Sandro Dess\u00ec, ha lamentato \"l'assenza di informazioni sul piano industriale dell'azienda, che possa farci ritenere necessari questi esuberi\" ed ha poi parlato di \"una situazione esplosiva, non solo a livello occupazionale, ma anche rispetto alla sanit\u00e0 privata in Sardegna\". Lino Marroccu, segretario dell'Ugl, ha sostenuto che per abbattere le liste d'attesa, occorrerebbe implementare le case di cura private in Sardegna. <\/SPAN><\/p>\n<p><SPAN style=\"FONT-FAMILY: 'Verdana', 'sans-serif'; mso-bidi-font-family: Verdana\">Sono stati poi sentiti i tecnici delle prevenzione dei servizi Presal delle aziende Ulss della Sardegna che hanno lamentato di ricevere un compenso economico incongruo rispetto all'impegno richiesto per il lavoro di prevenzione e sicurezza negli ambienti di lavoro. \"Chiediamo - ha dichiarato Antonello Orr\u00f9, della Asl 8 di Cagliari - che sia riconosciuto il rischio professionale del nostro lavoro con un'integrazione economica\". <\/SPAN><\/p>\n<p><SPAN style=\"FONT-FAMILY: 'Verdana', 'sans-serif'; mso-bidi-font-family: Verdana\">Infine, \u00e8 intervenuto il presidente delle Comunit\u00e0 terapeutiche sarde, Angelo Pittau, che ha denunciato una \"mancanza di attenzione al problema\", definendo \"drammatica\" la situazione delle comunit\u00e0. Pittau ha domandato un adeguamento delle rette \"pari oggi a 49 euro giornalieri, con cui non riusciamo nemmeno a coprire le spese\", e un tavolo tecnico con la Regione \"perch\u00e9 - ha sostenuto - i funzionari non ci ricevono e, se lo fanno, non ci danno riposte, mentre noi aspettiamo da cinque anni l'accreditamento\". <\/SPAN><\/p>\n<p><SPAN style=\"FONT-FAMILY: 'Verdana', 'sans-serif'; mso-bidi-font-family: Verdana\">Il presidente Contu ha preso l'impegno di dedicare una seduta al problema delle comunit\u00e0. La commissione Sanit\u00e0 si riunir\u00e0 nuovamente alle 18.00 per discutere con Cgil, Cisl e Uil sulle politiche socio-sanitarie e sulla riforma del SSR. Red.<\/SPAN><SPAN style=\"FONT-FAMILY: 'Verdana', 'sans-serif'; mso-bidi-font-family: Verdana; mso-ansi-language: #0010\" lang=it><\/SPAN><\/p>\n","protected":false},"excerpt":{"rendered":"<p>La commissione Sanit\u00e0, riunitasi quest&#8217;oggi sotto la presidenza di Felicetto Contu (Udc), ha espresso parere favorevole all&#8217;unanimit\u00e0 sulla delibera P\/126, che prevede uno stanziamento pari&#8230;<\/p>\n","protected":false},"author":2,"featured_media":0,"comment_status":"closed","ping_status":"closed","sticky":false,"template":"","format":"standard","meta":[],"categories":[49],"tags":[],"_links":{"self":[{"href":"https:\/\/www.cronacaonline.it\/index.php\/wp-json\/wp\/v2\/posts\/63771"}],"collection":[{"href":"https:\/\/www.cronacaonline.it\/index.php\/wp-json\/wp\/v2\/posts"}],"about":[{"href":"https:\/\/www.cronacaonline.it\/index.php\/wp-json\/wp\/v2\/types\/post"}],"author":[{"embeddable":true,"href":"https:\/\/www.cronacaonline.it\/index.php\/wp-json\/wp\/v2\/users\/2"}],"replies":[{"embeddable":true,"href":"https:\/\/www.cronacaonline.it\/index.php\/wp-json\/wp\/v2\/comments?post=63771"}],"version-history":[{"count":0,"href":"https:\/\/www.cronacaonline.it\/index.php\/wp-json\/wp\/v2\/posts\/63771\/revisions"}],"wp:attachment":[{"href":"https:\/\/www.cronacaonline.it\/index.php\/wp-json\/wp\/v2\/media?parent=63771"}],"wp:term":[{"taxonomy":"category","embeddable":true,"href":"https:\/\/www.cronacaonline.it\/index.php\/wp-json\/wp\/v2\/categories?post=63771"},{"taxonomy":"post_tag","embeddable":true,"href":"https:\/\/www.cronacaonline.it\/index.php\/wp-json\/wp\/v2\/tags?post=63771"}],"curies":[{"name":"wp","href":"https:\/\/api.w.org\/{rel}","templated":true}]}}