{"id":63716,"date":"2011-01-23T00:00:00","date_gmt":"2011-01-22T23:00:00","guid":{"rendered":"http:\/\/www.cronacaonline.it\/public\/content\/index.php\/2011\/01\/23\/a-carbonia-un-ambulatoria-specifico-per-dare-una-risposta-mirata-alla-diagnostica-precoce-e-la-cura-di-autismo\/"},"modified":"2011-01-23T00:00:00","modified_gmt":"2011-01-22T23:00:00","slug":"a-carbonia-un-ambulatoria-specifico-per-dare-una-risposta-mirata-alla-diagnostica-precoce-e-la-cura-di-autismo","status":"publish","type":"post","link":"https:\/\/www.cronacaonline.it\/index.php\/2011\/01\/23\/a-carbonia-un-ambulatoria-specifico-per-dare-una-risposta-mirata-alla-diagnostica-precoce-e-la-cura-di-autismo\/","title":{"rendered":"A Carbonia un ambulatoria specifico per dare una risposta mirata alla diagnostica precoce e la cura di autismo."},"content":{"rendered":"<p><SPAN style=\"LINE-HEIGHT: 115%; FONT-FAMILY: 'Verdana', 'sans-serif'; FONT-SIZE: 14pt; mso-fareast-language: IT\">Il tema dell\u2019autismo e dei disturbi pervasivi dello sviluppo \u00e8 un aspetto che coinvolge differenti figure professionali della sanit\u00e0 in generale e che vede sempre pi\u00f9 presente il mondo delle associazioni e del volontariato in prima fila per fornire un sostegno adeguato ai malati e alle loro famiglie. Un aspetto che \u00e8 divenuto sempre pi\u00f9 importante \u00e8 la necessit\u00e0 di diagnosticare quanto pi\u00f9 precocemente possibile il sospetto di tratto autistico. L\u2019obiettivo ambizioso in questo momento e quello di riuscire a individuare possibili sospetti del disturbo autistico gi\u00e0 dai primi mesi di vita. Rimane, questo, un traguardo per ora abbastanza lontano e comunque legato a metodiche ancora da affinare , allo stato attuale un obiettivo di pi\u00f9 facile approccio e quello di individuare tra 18 e 24 mesi i sospetti da inviare al secondo livello diagnostico. In questo senso la regione Sardegna si pone all\u2019avanguardia in campo nazionale, infatti dal 2009 ha incentivato tramite l\u2019accordo decentrato della pediatria di famiglia , l\u2019esecuzione di un test di screening di indubbia validit\u00e0: La M.CHAT (di Robins, Fein, &amp; Barton).<\/SPAN><\/p>\n<p><SPAN style=\"LINE-HEIGHT: 115%; FONT-FAMILY: 'Verdana', 'sans-serif'; FONT-SIZE: 14pt; mso-fareast-language: IT\">Tale metodica allo stato attuale \u00e8 implementata solamente in poche regioni , in maniera istituzionale , l\u2019Abruzzo, Toscana, Sardegna , Lombardia . inoltre un altro aspetto appare importante , portare all\u2019attenzione di tutti coloro che sono coinvolti nella presa in carico del fenomeno autismo , le problematiche dell\u2019adolescente e dell\u2019adulto , che investono pi\u00f9 direttamente i medici di medicina generale , oltre che tutti gli specialisti ed educatori, le famiglie e le associazioni di volontariato. Fatte queste premesse il convegno proposto , si rivolge quindi sia ai medici pediatri di famiglia , coinvolti nella necessit\u00e0 di un sospetto diagnostico quanto pi\u00f9 precoce e nella gestione dei primi anni di vita e dell\u2019adolescente, nel garantire il coordinamento dell\u2019attivit\u00e0 terapeutico riabilitativa. I medici di famiglia che devono prendere in carico l\u2019adolescente ed accompagnarlo nell\u2019et\u00e0 adulta , coordinando gli interventi complessi di tipo sanitario e riabilitativo. Le varie figure di specialisti coinvolte, pediatri ospedalieri, fisioterapisti , neuropsichiatri, psicologi, educatori in genere.<\/SPAN><\/p>\n<p><SPAN style=\"LINE-HEIGHT: 115%; FONT-FAMILY: 'Verdana', 'sans-serif'; FONT-SIZE: 14pt; mso-fareast-language: IT\">Sono circa 4000 mila in Sardegna le persone affette da autismo, un disturbo persuasivo dello sviluppo che si manifesta entro il 3\u00b0 anno di et\u00e0 con deficit nell\u2019area della comunicazione, interazione sociale, immaginazione e comportamento. Questa patologia che solo 10 anni fa era quasi sconosciuta presenta un\u2019insidia&nbsp; diagnostica che non permette di effettuare un preciso censimento. L\u2019autismo \u00e8 stato al centro di un convegno organizzato ad iglesias nel\u2019ospedale Crobu dalla Asl 7 su un progetto del sindacato&nbsp; Cipe confederazione italiana pediatri.<\/SPAN><\/p>\n<p><SPAN style=\"LINE-HEIGHT: 115%; FONT-FAMILY: 'Verdana', 'sans-serif'; FONT-SIZE: 14pt; mso-fareast-language: IT\">I maggiori esperti in materia di autismo della Sardegna, associazioni, medici di famiglia e pediatri&nbsp; si sono confrontati sul tema. L\u2019obiettivo fondamentale \u00e8 stato detto \u00e8 quello dello diagnosi precoce e successivamente la terapia e il sostegno di chi ne \u00e8 affetto. Nel sulcis iglesiente sono circa 400 le persone che presentano questa patologia le cui cause sono ancora sconosciute. A marzo ha detto Silvio Maggetti responsabile del servizio di neuropsichiatria infantile della Asl 7 sorger\u00e0 a Carbonia un ambulatorio specifico per dare una risposta mirata a chi va incontro al problema. Com<\/SPAN><\/p>\n","protected":false},"excerpt":{"rendered":"<p>Il tema dell\u2019autismo e dei disturbi pervasivi dello sviluppo \u00e8 un aspetto che coinvolge differenti figure professionali della sanit\u00e0 in generale e che vede sempre&#8230;<\/p>\n","protected":false},"author":2,"featured_media":0,"comment_status":"closed","ping_status":"closed","sticky":false,"template":"","format":"standard","meta":[],"categories":[49],"tags":[],"_links":{"self":[{"href":"https:\/\/www.cronacaonline.it\/index.php\/wp-json\/wp\/v2\/posts\/63716"}],"collection":[{"href":"https:\/\/www.cronacaonline.it\/index.php\/wp-json\/wp\/v2\/posts"}],"about":[{"href":"https:\/\/www.cronacaonline.it\/index.php\/wp-json\/wp\/v2\/types\/post"}],"author":[{"embeddable":true,"href":"https:\/\/www.cronacaonline.it\/index.php\/wp-json\/wp\/v2\/users\/2"}],"replies":[{"embeddable":true,"href":"https:\/\/www.cronacaonline.it\/index.php\/wp-json\/wp\/v2\/comments?post=63716"}],"version-history":[{"count":0,"href":"https:\/\/www.cronacaonline.it\/index.php\/wp-json\/wp\/v2\/posts\/63716\/revisions"}],"wp:attachment":[{"href":"https:\/\/www.cronacaonline.it\/index.php\/wp-json\/wp\/v2\/media?parent=63716"}],"wp:term":[{"taxonomy":"category","embeddable":true,"href":"https:\/\/www.cronacaonline.it\/index.php\/wp-json\/wp\/v2\/categories?post=63716"},{"taxonomy":"post_tag","embeddable":true,"href":"https:\/\/www.cronacaonline.it\/index.php\/wp-json\/wp\/v2\/tags?post=63716"}],"curies":[{"name":"wp","href":"https:\/\/api.w.org\/{rel}","templated":true}]}}