{"id":63710,"date":"2011-01-26T00:00:00","date_gmt":"2011-01-25T23:00:00","guid":{"rendered":"http:\/\/www.cronacaonline.it\/public\/content\/index.php\/2011\/01\/26\/turismo-fiera-madrid-sardegna-in-mostra-davanti-a-un-pubblico-da-record\/"},"modified":"2011-01-26T00:00:00","modified_gmt":"2011-01-25T23:00:00","slug":"turismo-fiera-madrid-sardegna-in-mostra-davanti-a-un-pubblico-da-record","status":"publish","type":"post","link":"https:\/\/www.cronacaonline.it\/index.php\/2011\/01\/26\/turismo-fiera-madrid-sardegna-in-mostra-davanti-a-un-pubblico-da-record\/","title":{"rendered":"Turismo, fiera Madrid: Sardegna in mostra davanti a un pubblico da record"},"content":{"rendered":"<p><SPAN style=\"FONT-FAMILY: 'Verdana', 'sans-serif'; mso-fareast-language: IT\">Dal Nord Europa alla Spagna, la Sardegna \u00e8 sempre in primo piano nel mercato del turismo internazionale. Ultima tappa, in ordine di tempo, nella quale la Regione ha promosso le sue proposte di vacanza, \u00e8 stata la Fiera internazionale del turismo di Madrid. Nella capitale iberica, dal 19 al 23 gennaio scorsi, cinquanta operatori sardi del settore hanno messo in mostra l\u2019unicit\u00e0 dell\u2019offerta turistica dell\u2019Isola, fatta di incantevoli bellezze naturali, cultura, tradizioni, attrazioni sportive (come trekking, cicloturismo e diving) ed enogastronomia, sotto lo sguardo attento di pi\u00f9 di duecentomila partecipanti tra operatori, visitatori e pubblico.<\/SPAN><\/p>\n<p><SPAN style=\"FONT-FAMILY: 'Verdana', 'sans-serif'; mso-fareast-language: IT\">Nell\u2019ampio stand, riservato all\u2019assessorato regionale del Turismo all\u2019interno del padiglione Enit\/Italia, province, associazioni e consorzi turistici, strutture ricettive (hotel, catene alberghiere, case vacanze e villaggi turistici), associazioni di categoria, tour operator e servizi turistici hanno presentato le loro proposte ai circa 125 mila&nbsp; operatori professionali, tra espositori e ospiti, in rappresentanza di 11 mila imprese e di 166 paesi di tutto il mondo, e al pubblico spagnolo: quasi 90 mila visitatori, che nel solo weekend appena trascorso hanno fatto da cornice alla manifestazione.<\/SPAN><\/p>\n<p><SPAN style=\"FONT-FAMILY: 'Verdana', 'sans-serif'; mso-fareast-language: IT\">La Fitur di Madrid \u00e8 da sempre un luogo di incontro dei professionisti del turismo per definire le linee di lavoro, le strategie e gli accordi imprenditoriali al fine di animare e rafforzare l\u2019attivit\u00e0 turistica. La fiera della capitale spagnola \u00e8 ogni anno sede delle soluzioni pi\u00f9 innovative del settore per rispondere alle esigenze di un mercato in continua evoluzione.<\/SPAN><\/p>\n<p><SPAN style=\"FONT-FAMILY: 'Verdana', 'sans-serif'; mso-fareast-language: IT\">\u201cE\u2019 un \u2018palcoscenico\u2019 di grande prestigio internazionale - ha dichiarato l\u2019assessore regionale del Turismo Luigi Crisponi - e un appuntamento irrinunciabile per gli specialisti del settore. La partecipazione della Regione Sardegna a eventi di cos\u00ec forte richiamo \u00e8 uno straordinario e fondamentale veicolo di promozione delle bellezze naturali, della cultura e delle tradizioni dell'Isola\u201d.<\/SPAN><\/p>\n<p><SPAN style=\"FONT-FAMILY: 'Verdana', 'sans-serif'; mso-fareast-language: IT\">Il mercato spagnolo ha visto negli ultimi due anni una media di circa 73 mila arrivi per un totale di circa 225 mila&nbsp; presenze; nelle strutture alberghiere la media tra 2009 e 2010 \u00e8 di oltre 57 mila arrivi per circa 170 mila presenza in hotel. \u201cSi tratta \u2013 ha proseguito l\u2019assessore Crisponi - di una porzione di mercato di grande rilievo per gli operatori isolani per il continuo interscambio tra le due aree del Mediterraneo, grazie al numero e alla frequenza dei collegamenti aerei che rafforzano una gi\u00e0 stretta vicinanza culturale e di identit\u00e0 fra i due popoli. Non \u00e8 un caso che il pubblico spagnolo, nell\u2019edizione appena conclusa,&nbsp;fosse particolarmente attratto sia dal paradiso ambientale&nbsp;delle nostre coste&nbsp;che dalle aree interne, ricche di tradizioni e paesaggi suggestivi\u201d.<\/SPAN><\/p>\n<p><SPAN style=\"FONT-FAMILY: 'Verdana', 'sans-serif'; mso-fareast-language: IT\">A proposito di promozione&nbsp; integrata anche a Madrid, come nelle altre fiere internazionali del Nord e Centro Europa nelle quali la Regione Sardegna \u00e8 stata protagonista, \u00e8 proseguita la campagna istituzionale dell\u2019 \u2018Isola che danza\u2019: \u201cL\u2019intento \u2013 ha aggiunto l\u2019esponente della Giunta Cappellacci \u2013 \u00e8 costruire un programma di altra stagione, coordinando e sopportando l\u2019attivit\u00e0 delle amministrazioni locali nell\u2019organizzazione, ognuna con le sue vocazioni e specificit\u00e0, di eventi di grande richiamo turistico, quali i Fuochi di Sant\u2019Antonio, il Carnevale e i riti della Settimana Santa. Sotto l\u2019egida della Regione hanno cos\u00ec rilievo internazionale, per la prima volta, eventi che fanno parte della nostra storia, che valorizzano le nostre tradizioni, portando all\u2019attenzione del pubblico mondiale tesori nascosti&nbsp; nella nostra cultura\u201d. Red<\/SPAN><\/p>\n<p><SPAN style=\"FONT-FAMILY: 'Arial', 'sans-serif'; COLOR: black; FONT-SIZE: 10pt; mso-fareast-font-family: 'Times New Roman'; mso-fareast-language: IT\">&nbsp;<\/SPAN><\/p>\n","protected":false},"excerpt":{"rendered":"<p>Dal Nord Europa alla Spagna, la Sardegna \u00e8 sempre in primo piano nel mercato del turismo internazionale. Ultima tappa, in ordine di tempo, nella quale&#8230;<\/p>\n","protected":false},"author":2,"featured_media":0,"comment_status":"closed","ping_status":"closed","sticky":false,"template":"","format":"standard","meta":[],"categories":[49],"tags":[],"_links":{"self":[{"href":"https:\/\/www.cronacaonline.it\/index.php\/wp-json\/wp\/v2\/posts\/63710"}],"collection":[{"href":"https:\/\/www.cronacaonline.it\/index.php\/wp-json\/wp\/v2\/posts"}],"about":[{"href":"https:\/\/www.cronacaonline.it\/index.php\/wp-json\/wp\/v2\/types\/post"}],"author":[{"embeddable":true,"href":"https:\/\/www.cronacaonline.it\/index.php\/wp-json\/wp\/v2\/users\/2"}],"replies":[{"embeddable":true,"href":"https:\/\/www.cronacaonline.it\/index.php\/wp-json\/wp\/v2\/comments?post=63710"}],"version-history":[{"count":0,"href":"https:\/\/www.cronacaonline.it\/index.php\/wp-json\/wp\/v2\/posts\/63710\/revisions"}],"wp:attachment":[{"href":"https:\/\/www.cronacaonline.it\/index.php\/wp-json\/wp\/v2\/media?parent=63710"}],"wp:term":[{"taxonomy":"category","embeddable":true,"href":"https:\/\/www.cronacaonline.it\/index.php\/wp-json\/wp\/v2\/categories?post=63710"},{"taxonomy":"post_tag","embeddable":true,"href":"https:\/\/www.cronacaonline.it\/index.php\/wp-json\/wp\/v2\/tags?post=63710"}],"curies":[{"name":"wp","href":"https:\/\/api.w.org\/{rel}","templated":true}]}}