{"id":38586,"date":"2015-08-23T10:18:11","date_gmt":"2015-08-23T08:18:11","guid":{"rendered":"http:\/\/www.cronacaonline.it\/public\/content\/?p=38586"},"modified":"2015-08-23T10:18:11","modified_gmt":"2015-08-23T08:18:11","slug":"attivita-di-controllo-alla-ricerca-di-stupefacenti-e-armi-da-parte-dei-carabinieri-della-stazione-di-carbonia","status":"publish","type":"post","link":"https:\/\/www.cronacaonline.it\/index.php\/2015\/08\/23\/attivita-di-controllo-alla-ricerca-di-stupefacenti-e-armi-da-parte-dei-carabinieri-della-stazione-di-carbonia\/","title":{"rendered":"Attivit\u00e0 di controllo alla ricerca di stupefacenti e armi da parte dei carabinieri della stazione di Carbonia."},"content":{"rendered":"<p>Nella prima mattinata di ieri, i carabinieri della Stazione di Carbonia, con la collaborazione dei colleghi del Nucleo cinofili del comando provinciale di Cagliari, hanno effettuato due perquisizioni domiciliari a casa di due giovani della citt\u00e0.<\/p>\n<p>Nella prima abitazione \u00e8 stato arrestato nella flagranza del reato di detenzione ai fini di spaccio di sostanza stupefacenti, Tomas di Corato, di 21 anni, disoccupato.<\/p>\n<p>Il pregiudicato, nel corso di perquisizione presso la sua residenza, \u00e8 stato trovato in possesso di 45,5 grammi di hashish, di un bilancino di precisione con evidenti tracce della medesima sostanza, di un coltello a serramanico della lunghezza totale di cm 14, di cui cm 6 di lama, anch\u2019esso con evidenti tracce di sostanza stupefacente, cellophane utilizzato per il confezionamento dello stupefacente e 69.00 euro in contanti, ritenuto provento della pregressa attivit\u00e0 di spaccio,<\/p>\n<p>Il giovane quindi \u00e8 stato dichiarato in arresto e in attesa dell\u2019udienza di convalida previsto per oggi.<\/p>\n<p>Sempre nel contesto della stessa operazione di controllo del territorio, \u00e8 stata inoltre effettuata la seconda perquisizione, sempre congiuntamente a personale del Nucleo cinofili di Cagliari, con un cane addestrato alla ricerca di armi ed esplosivi.<\/p>\n<p>Nel corso della perquisizione effettuata a casa di F.F.,\u00a0di 22 anni, disoccupato, sono state rinvenute, occultate in una scatola di legno nascosto nel giardino di pertinenza dell\u2019abitazione, 270 cartucce da caccia caricate a palla unica e 21 caricate a pallettoni, delle quali il ragazzo non ha fornito alcuna giustificazione, essendo lo stesso sprovvisto di porto d\u2019armi.<\/p>\n<p>Gli accertamenti adesso sono finalizzati a capire il motivo ed eventualmente per chi erano detenute tali munizioni. Quindi quanto rinvenuto \u00e8 stato sottoposto a sequestro ed il pregiudicato \u00e8 stato denunciato in stato di libert\u00e0 per detenzione illegale di munizionamento.<\/p>\n","protected":false},"excerpt":{"rendered":"<p>Nella prima mattinata di ieri, i carabinieri della Stazione di Carbonia, con la collaborazione dei colleghi del Nucleo cinofili del comando provinciale di Cagliari, hanno&#8230;<\/p>\n","protected":false},"author":2,"featured_media":24328,"comment_status":"closed","ping_status":"closed","sticky":false,"template":"","format":"standard","meta":[],"categories":[49,55],"tags":[],"_links":{"self":[{"href":"https:\/\/www.cronacaonline.it\/index.php\/wp-json\/wp\/v2\/posts\/38586"}],"collection":[{"href":"https:\/\/www.cronacaonline.it\/index.php\/wp-json\/wp\/v2\/posts"}],"about":[{"href":"https:\/\/www.cronacaonline.it\/index.php\/wp-json\/wp\/v2\/types\/post"}],"author":[{"embeddable":true,"href":"https:\/\/www.cronacaonline.it\/index.php\/wp-json\/wp\/v2\/users\/2"}],"replies":[{"embeddable":true,"href":"https:\/\/www.cronacaonline.it\/index.php\/wp-json\/wp\/v2\/comments?post=38586"}],"version-history":[{"count":0,"href":"https:\/\/www.cronacaonline.it\/index.php\/wp-json\/wp\/v2\/posts\/38586\/revisions"}],"wp:featuredmedia":[{"embeddable":true,"href":"https:\/\/www.cronacaonline.it\/index.php\/wp-json\/"}],"wp:attachment":[{"href":"https:\/\/www.cronacaonline.it\/index.php\/wp-json\/wp\/v2\/media?parent=38586"}],"wp:term":[{"taxonomy":"category","embeddable":true,"href":"https:\/\/www.cronacaonline.it\/index.php\/wp-json\/wp\/v2\/categories?post=38586"},{"taxonomy":"post_tag","embeddable":true,"href":"https:\/\/www.cronacaonline.it\/index.php\/wp-json\/wp\/v2\/tags?post=38586"}],"curies":[{"name":"wp","href":"https:\/\/api.w.org\/{rel}","templated":true}]}}