{"id":38565,"date":"2015-08-23T09:43:08","date_gmt":"2015-08-23T07:43:08","guid":{"rendered":"http:\/\/www.cronacaonline.it\/public\/content\/?p=38565"},"modified":"2015-08-23T09:43:08","modified_gmt":"2015-08-23T07:43:08","slug":"carnevale-estivo-di-olbia-rivive-in-citta-il-mito-di-ercole","status":"publish","type":"post","link":"https:\/\/www.cronacaonline.it\/index.php\/2015\/08\/23\/carnevale-estivo-di-olbia-rivive-in-citta-il-mito-di-ercole\/","title":{"rendered":"Carnevale estivo di Olbia: rivive in citt\u00e0 il Mito di Ercole"},"content":{"rendered":"<p>Bene la prima, oggi si prosegue con l\u2019invasione dei greci e degli Ercoli olbiesi. Musica sino a tarda notte e domani grande Frittellata.<\/p>\n<p>Si sono registrati i grandi numeri ieri a Olbia per la prima uscita del Carnevale estivo della citt\u00e0 di Olbia, organizzato dall\u2019Associazione amici del carnevale olbiese. Il gruppo Kajac Olbia, con la vela latina del Cantiere Fois, hanno accompagnato il Re Indattaraiu in una sfilata a mare lungo via Re di Puglia, sbarcando al Molo Brin, per poi proseguire il proprio tragitto in Corso Umberto, tra una folta presenza di turisti incuriositi. La serata \u00e8 proseguita in Piazza Regina Margherita sino a tarda notte con le musiche sfrenate dei resident Dj dello Smaila\u2019s, Antonio Zichina e Alessio Degortes.<\/p>\n<p>Da 10 e lode le esibizioni delle majorette e tamburini \u201cTonino Spano\u201d di Olbia, delle Majorettes \u201cprimi passi\u201d di Berchidda e delle Asd Majorettes di Dorgali: bellissime all\u2019interno delle loro colorate uniformi e perfette nei passi e nelle esibizioni.<\/p>\n<p>La festa prosegue stasera, dalle 20.00, con la rievocazione del mito di Ercole.<\/p>\n<p>I carri riprodurranno il Tempio di Ercole (con riferimento alla Testa di Ercole conservata all\u2019interno del Museo Archeologico della citt\u00e0) e che gli archeologi indicano esser presente sotto la Chiesa di San Paolo a Olbia e le \u201csue 12 Fatiche\u201d.<\/p>\n<p>I figuranti partiranno, dalle 20.00, da Via Escriv\u00e0, per percorrere Viale Principe Umberto, via RediPuglia (sino a piazza Crispi), per poi salire in via regina Elena e arrivare in Piazza regina Margherita (orario previsto ore 22.00). La sfilata verr\u00e0 aperta dal gruppo di ballo della scuola Baila con i maestri Tolly, Manu e Ale, che si occuperanno anche dell\u2019animazione della serata \u201cDiscoteca sotto le stelle\u201d che proseguir\u00e0 tra piazza Regina Margherita e Piazza Matteotti, in compagnia dei resident Dj dello Smaila\u2019s, Antonio Zichina e Alessio Degortes.<\/p>\n<p>Domani, 23.08.2015 \u00e8 invece la giornata del Gran Gal\u00e0 Della Frittellata: sempre tra piazza Matteotti e Piazza Regina Margherita \u00e8 prevista, dalle 20.00, la distribuzione di squisite Frittelle fumanti, accompagnata dal Grande Karaoke con Violetta, in compagnia di Alessia Sotgiu, e, a seguire, l\u2019animazione della scuola di ballo Dance Point, con i campioni del mondo Francesco Decandia e Sabrina Laconi, e la musica della fisarmonica di Mirko Putzu.<\/p>\n<p>Durate la serata \u00e8 in programma l'estrazione dei biglietti della lotteria \u201cCarnevale estivo della citt\u00e0 di Olbia 2015\u201d.<\/p>\n<p>Tutta la citt\u00e0 \u00e8 invitata a partecipare ai festeggiamenti in maschera, in un momento che vuole essere di festa per tutta la citt\u00e0.<\/p>\n<p>Tutte le informazioni sull\u2019evento sono disponibili sul sito internet dell\u2019associazione all\u2019indirizzo <a href=\"http:\/\/www.carnevaleolbiese.it\">www.carnevaleolbiese.it<\/a> oppure sul gruppo e sulla pagina facebook \u201ccarnevaleolbiese\u201d. Com<\/p>\n","protected":false},"excerpt":{"rendered":"<p>Bene la prima, oggi si prosegue con l\u2019invasione dei greci e degli Ercoli olbiesi. Musica sino a tarda notte e domani grande Frittellata. Si sono&#8230;<\/p>\n","protected":false},"author":2,"featured_media":38567,"comment_status":"closed","ping_status":"closed","sticky":false,"template":"","format":"standard","meta":[],"categories":[49,54],"tags":[],"_links":{"self":[{"href":"https:\/\/www.cronacaonline.it\/index.php\/wp-json\/wp\/v2\/posts\/38565"}],"collection":[{"href":"https:\/\/www.cronacaonline.it\/index.php\/wp-json\/wp\/v2\/posts"}],"about":[{"href":"https:\/\/www.cronacaonline.it\/index.php\/wp-json\/wp\/v2\/types\/post"}],"author":[{"embeddable":true,"href":"https:\/\/www.cronacaonline.it\/index.php\/wp-json\/wp\/v2\/users\/2"}],"replies":[{"embeddable":true,"href":"https:\/\/www.cronacaonline.it\/index.php\/wp-json\/wp\/v2\/comments?post=38565"}],"version-history":[{"count":0,"href":"https:\/\/www.cronacaonline.it\/index.php\/wp-json\/wp\/v2\/posts\/38565\/revisions"}],"wp:featuredmedia":[{"embeddable":true,"href":"https:\/\/www.cronacaonline.it\/index.php\/wp-json\/"}],"wp:attachment":[{"href":"https:\/\/www.cronacaonline.it\/index.php\/wp-json\/wp\/v2\/media?parent=38565"}],"wp:term":[{"taxonomy":"category","embeddable":true,"href":"https:\/\/www.cronacaonline.it\/index.php\/wp-json\/wp\/v2\/categories?post=38565"},{"taxonomy":"post_tag","embeddable":true,"href":"https:\/\/www.cronacaonline.it\/index.php\/wp-json\/wp\/v2\/tags?post=38565"}],"curies":[{"name":"wp","href":"https:\/\/api.w.org\/{rel}","templated":true}]}}