{"id":275805,"date":"2026-09-06T16:59:56","date_gmt":"2026-09-06T14:59:56","guid":{"rendered":"https:\/\/www.cronacaonline.it\/?p=275805"},"modified":"2026-09-06T16:59:59","modified_gmt":"2026-09-06T14:59:59","slug":"controlli-dei-carabinieri-delle-compagnie-di-quartu-s-e-san-vito-e-iglesias-lungo-la-costa-cagliaritana","status":"publish","type":"post","link":"https:\/\/www.cronacaonline.it\/index.php\/2026\/09\/06\/controlli-dei-carabinieri-delle-compagnie-di-quartu-s-e-san-vito-e-iglesias-lungo-la-costa-cagliaritana\/","title":{"rendered":"Controlli dei Carabinieri delle compagnie di Quartu S.E. San Vito e Iglesias lungo la costa cagliaritana."},"content":{"rendered":"\n<p>Cagliari, 6 Sett 2026 - Serata di controlli quella appena trascorsa lungo la costa cagliaritana da parte dei Carabinieri delle Compagnie di Quartu Sant\u2019Elena, San Vito e Iglesias al fine di prevenire e reprimere i fenomeni criminali\/predatori pi\u00f9 diffusi, le condotte pericolose alla guida e verificare il rispetto delle normative in materia igienico-sanitaria nei locali pubblici.<\/p>\n\n\n\n<p>Numerose le persone, i mezzi e gli esercizi pubblici controllati dai Carabinieri delle Stazioni e delle Sezioni Radiomobili delle 3 Compagnie, anche attraverso l\u2019utilizzo dell\u2019etilometro e con il prezioso contributo dei militari del Nucleo Antisofisticazione (NAS) dei Carabinieri di stanza a Cagliari.<\/p>\n\n\n\n<p>Nel corso del servizio 3 giovani sono stati segnalati alla Prefettura di Cagliari quali assuntori di droga, in quanto trovati in possesso di qualche grammo di marijuana e hashish; 2, poco pi\u00f9 che ventenni, sono stati deferiti in stato di libert\u00e0 perch\u00e9 sottoposti a controllo alla guida senza mai aver mai conseguito la patente.<\/p>\n\n\n\n<p>Inoltre il titolare di un esercizio commerciale ispezionato \u00e8 stato invitato ad adeguare la gestione del proprio esercizio commerciale alle procedure previste dal manuale di autocontrollo aziendale; inoltre \u00e8 stato contravvenzionato con 2000\u20ac di multa poich\u00e9 all\u2019interno di un magazzino dello stesso locale, sono emerse carenze igienico \u2013 sanitarie e, infine, un uomo \u00e8 stato rintracciato e dichiarato in arresto in quanto, a suo carico, pendeva un ordine di carcerazione per una rapina commessa in provincia di Bergamo e spiccato da quella Autorit\u00e0 Giudiziaria.<\/p>\n\n\n\n<p>I controlli s\u2019inseriscono nelle attivit\u00e0 di controllo del territorio che le Compagnie del Comando Provinciale di Cagliari sistematicamente conducono per incrementare gli standard di sicurezza del territorio e prevenire e reprimere condotte illecite e comunque lesive del quieto vivere.<\/p>\n","protected":false},"excerpt":{"rendered":"<p>Cagliari, 6 Sett 2026 &#8211; Serata di controlli quella appena trascorsa lungo la costa cagliaritana da parte dei Carabinieri delle Compagnie di Quartu Sant\u2019Elena, San&#8230;<\/p>\n","protected":false},"author":2,"featured_media":275806,"comment_status":"closed","ping_status":"open","sticky":false,"template":"","format":"standard","meta":[],"categories":[49,55],"tags":[],"_links":{"self":[{"href":"https:\/\/www.cronacaonline.it\/index.php\/wp-json\/wp\/v2\/posts\/275805"}],"collection":[{"href":"https:\/\/www.cronacaonline.it\/index.php\/wp-json\/wp\/v2\/posts"}],"about":[{"href":"https:\/\/www.cronacaonline.it\/index.php\/wp-json\/wp\/v2\/types\/post"}],"author":[{"embeddable":true,"href":"https:\/\/www.cronacaonline.it\/index.php\/wp-json\/wp\/v2\/users\/2"}],"replies":[{"embeddable":true,"href":"https:\/\/www.cronacaonline.it\/index.php\/wp-json\/wp\/v2\/comments?post=275805"}],"version-history":[{"count":1,"href":"https:\/\/www.cronacaonline.it\/index.php\/wp-json\/wp\/v2\/posts\/275805\/revisions"}],"predecessor-version":[{"id":275807,"href":"https:\/\/www.cronacaonline.it\/index.php\/wp-json\/wp\/v2\/posts\/275805\/revisions\/275807"}],"wp:featuredmedia":[{"embeddable":true,"href":"https:\/\/www.cronacaonline.it\/index.php\/wp-json\/wp\/v2\/media\/275806"}],"wp:attachment":[{"href":"https:\/\/www.cronacaonline.it\/index.php\/wp-json\/wp\/v2\/media?parent=275805"}],"wp:term":[{"taxonomy":"category","embeddable":true,"href":"https:\/\/www.cronacaonline.it\/index.php\/wp-json\/wp\/v2\/categories?post=275805"},{"taxonomy":"post_tag","embeddable":true,"href":"https:\/\/www.cronacaonline.it\/index.php\/wp-json\/wp\/v2\/tags?post=275805"}],"curies":[{"name":"wp","href":"https:\/\/api.w.org\/{rel}","templated":true}]}}