{"id":275798,"date":"2026-09-06T06:47:19","date_gmt":"2026-09-06T04:47:19","guid":{"rendered":"https:\/\/www.cronacaonline.it\/?p=275798"},"modified":"2026-09-06T06:47:21","modified_gmt":"2026-09-06T04:47:21","slug":"arrivo-dei-detenuti-41-bis-a-uta-todde-il-governo-tratta-la-sardegna-come-la-cayenna-ditalia-una-scelta-unilaterale-e-arrogante","status":"publish","type":"post","link":"https:\/\/www.cronacaonline.it\/index.php\/2026\/09\/06\/arrivo-dei-detenuti-41-bis-a-uta-todde-il-governo-tratta-la-sardegna-come-la-cayenna-ditalia-una-scelta-unilaterale-e-arrogante\/","title":{"rendered":"Arrivo dei detenuti 41-bis a Uta, Todde: \u201cIl Governo tratta la Sardegna come la Cayenna d\u2019Italia. Una scelta unilaterale e arrogante\u201d."},"content":{"rendered":"\n<p>Cagliari, 5 settembre 2026\u00a0- \u201cCon l\u2019arrivo dei primi detenuti sottoposti al 41-bis nel carcere di Uta, il ministro Nordio porta a compimento una scelta imposta alla Sardegna, sottraendosi fino all\u2019ultimo al confronto con la Regione\u201d.<\/p>\n\n\n\n<p>Lo ha dichiarato ieri la presidente della Regione Sardegna, Alessandra Todde, in seguito all\u2019arrivo dei primi detenuti sottoposti al regime del 41-bis nella Casa circondariale di Uta.<\/p>\n\n\n\n<p>\u201cIl 4 agosto gli ho scritto ancora formalmente. Ho chiesto gli atti e i criteri che hanno portato a concentrare una quota rilevante del circuito del 41-bis negli istituti sardi. La Regione aveva gi\u00e0 chiesto pi\u00f9 volte di essere coinvolta nelle decisioni che riguardano direttamente il proprio territorio\u201d, specifica Todde.<\/p>\n\n\n\n<p>Alla richiesta formale della Presidente non \u00e8 seguito alcun riscontro da parte del Ministero della Giustizia.<\/p>\n\n\n\n<p>\u201cNessuna risposta. Il Governo ha preferito procedere in modo unilaterale e arrogante trattando la Sardegna come la Cayenna d\u2019Italia\u201d.<\/p>\n\n\n\n<p>La Presidente richiama quindi le condizioni in cui versa il sistema penitenziario sardo, a partire dalla situazione degli istituti destinati ad accogliere i detenuti sottoposti al regime speciale.<\/p>\n\n\n\n<p>\u201cUta \u00e8 gi\u00e0 oltre la propria capienza \u2013 sottolinea la Presidente \u2013 Bancali vive una situazione analoga e il sistema deve fare i conti con carenze di personale e servizi sanitari sotto pressione. A questa situazione il Governo aggiunge una significativa concentrazione di detenuti al 41-bis, senza spiegare alla Regione con quali criteri abbia assunto la decisione e con quali misure intenda sostenerne le conseguenze. Il Governo parla di sicurezza come priorit\u00e0 e lascia la Sardegna senza risposte su un\u2019emergenza carceraria ormai non pi\u00f9 rinviabile\u201d.<\/p>\n\n\n\n<p>Per la Presidente, la questione riguarda anche il rapporto istituzionale tra lo Stato e la Regione e il riconoscimento delle specificit\u00e0 della condizione insulare. \u201cQuesto \u00e8 il fatto politicamente pi\u00f9 grave. Si pretende che la Sardegna si faccia carico degli effetti di una scelta dello Stato mentre alla sua massima istituzione viene negata persino una risposta formale. Abbiamo combattuto perch\u00e9 l\u2019insularit\u00e0 fosse riconosciuta in Costituzione. \u00c8 inaccettabile che oggi proprio il fatto di essere un\u2019isola diventi uno svantaggio da far pagare alla Sardegna\u201d.<\/p>\n\n\n\n<p>La Presidente precisa quindi che la posizione della Regione non mette in discussione il regime speciale come strumento di contrasto alla criminalit\u00e0 organizzata, ma la decisione assunta dal Governo sulla Sardegna e le modalit\u00e0 con cui \u00e8 stata portata avanti.<\/p>\n\n\n\n<p>\u201cSia chiaro. Il 41-bis \u00e8 uno strumento fondamentale contro la criminalit\u00e0 organizzata. Qui contestiamo una precisa decisione del Governo e il modo con cui \u00e8 stata imposta alla Sardegna in quanto isola\u201d.<\/p>\n\n\n\n<p>\u201cIl ministro della Giustizia aveva il dovere istituzionale di spiegare perch\u00e9 sia stata scelta proprio la nostra Isola e come intenda garantire personale, sicurezza e assistenza sanitaria adeguati. Ha scelto il silenzio. Oggi arrivano i detenuti. Questa \u00e8 la risposta che Nordio ha dato alla Sardegna\u201d.<\/p>\n\n\n\n<p>\u201cDi questa scelta e delle sue conseguenze il Governo dovr\u00e0 assumersi fino in fondo la responsabilit\u00e0. Noi difenderemo i diritti della nostra isola a non essere discriminata\u201d, conclude la Presidente. Com<\/p>\n","protected":false},"excerpt":{"rendered":"<p>Cagliari, 5 settembre 2026\u00a0&#8211; \u201cCon l\u2019arrivo dei primi detenuti sottoposti al 41-bis nel carcere di Uta, il ministro Nordio porta a compimento una scelta imposta&#8230;<\/p>\n","protected":false},"author":2,"featured_media":275800,"comment_status":"closed","ping_status":"open","sticky":false,"template":"","format":"standard","meta":[],"categories":[49,52],"tags":[],"_links":{"self":[{"href":"https:\/\/www.cronacaonline.it\/index.php\/wp-json\/wp\/v2\/posts\/275798"}],"collection":[{"href":"https:\/\/www.cronacaonline.it\/index.php\/wp-json\/wp\/v2\/posts"}],"about":[{"href":"https:\/\/www.cronacaonline.it\/index.php\/wp-json\/wp\/v2\/types\/post"}],"author":[{"embeddable":true,"href":"https:\/\/www.cronacaonline.it\/index.php\/wp-json\/wp\/v2\/users\/2"}],"replies":[{"embeddable":true,"href":"https:\/\/www.cronacaonline.it\/index.php\/wp-json\/wp\/v2\/comments?post=275798"}],"version-history":[{"count":1,"href":"https:\/\/www.cronacaonline.it\/index.php\/wp-json\/wp\/v2\/posts\/275798\/revisions"}],"predecessor-version":[{"id":275801,"href":"https:\/\/www.cronacaonline.it\/index.php\/wp-json\/wp\/v2\/posts\/275798\/revisions\/275801"}],"wp:featuredmedia":[{"embeddable":true,"href":"https:\/\/www.cronacaonline.it\/index.php\/wp-json\/wp\/v2\/media\/275800"}],"wp:attachment":[{"href":"https:\/\/www.cronacaonline.it\/index.php\/wp-json\/wp\/v2\/media?parent=275798"}],"wp:term":[{"taxonomy":"category","embeddable":true,"href":"https:\/\/www.cronacaonline.it\/index.php\/wp-json\/wp\/v2\/categories?post=275798"},{"taxonomy":"post_tag","embeddable":true,"href":"https:\/\/www.cronacaonline.it\/index.php\/wp-json\/wp\/v2\/tags?post=275798"}],"curies":[{"name":"wp","href":"https:\/\/api.w.org\/{rel}","templated":true}]}}