{"id":275792,"date":"2026-09-06T06:39:20","date_gmt":"2026-09-06T04:39:20","guid":{"rendered":"https:\/\/www.cronacaonline.it\/?p=275792"},"modified":"2026-09-06T06:39:22","modified_gmt":"2026-09-06T04:39:22","slug":"avvicendamenti-ai-vertici-dei-reparti-dellarma-del-comando-provinciale-di-sassari-trasferiti-quattro-ufficiali","status":"publish","type":"post","link":"https:\/\/www.cronacaonline.it\/index.php\/2026\/09\/06\/avvicendamenti-ai-vertici-dei-reparti-dellarma-del-comando-provinciale-di-sassari-trasferiti-quattro-ufficiali\/","title":{"rendered":"Avvicendamenti ai vertici dei reparti dell&#8217;Arma del comando provinciale di Sassari: trasferiti quattro ufficiali."},"content":{"rendered":"\n<p>Sassari, 6 Sett 2026 - Nei prossimi giorni, il Comando Provinciale dei Carabinieri di Sassari registrer\u00e0 l\u2019avvicendamento di quattro Ufficiali, destinati dal Comando Generale dell\u2019Arma dei Carabinieri a ricoprire nuovi incarichi di responsabilit\u00e0 sul territorio nazionale, a conclusione del loro periodo di servizio prestato in Sardegna.<\/p>\n\n\n\n<p>Nello specifico, il Colonnello Massimo Amato, attuale Comandante del Reparto Operativo di Sassari, lascer\u00e0 il proprio incarico per essere destinato al Comando Provinciale di Ferrara.<\/p>\n\n\n\n<p>Per quanto attiene ai comandi territoriali, il Capitano Marco Dantonia, Comandante della Compagnia di Tempio Pausania, \u00e8 stato trasferito in Lombardia, dove assumer\u00e0 il Comando della Compagnia di Varese.<\/p>\n\n\n\n<p>Il Capitano Michele Marruso, alla guida della Compagnia di Alghero, \u00e8 stato invece destinato in Campania per assumere il Comando della Compagnia di Torre del Greco (NA).<\/p>\n\n\n\n<p>Infine, il Capitano Loris Coppola, attuale Comandante del Nucleo Operativo e Radiomobile del Reparto Territoriale di Olbia, proseguir\u00e0 il proprio percorso professionale in provincia di Varese, andando a ricoprire l\u2019incarico di Comandante della Compagnia di Luino.<\/p>\n\n\n\n<p>In vista degli imminenti trasferimenti, il Comandante della Legione Carabinieri Sardegna, Generale di Brigata Francesco Rizzo, ha ricevuto gli Ufficiali per un saluto istituzionale.<\/p>\n\n\n\n<p>Nella circostanza, il Generale Rizzo ha espresso le pi\u00f9 vive congratulazioni e i migliori auguri per i futuri incarichi.<\/p>\n\n\n\n<p>Anche il Comandante Provinciale di Sassari, Colonnello Antonio Maione, ha rivolto agli Ufficiali il proprio sentito ringraziamento per l\u2019elevata professionalit\u00e0, il costante impegno e i significativi risultati conseguiti a tutela della legalit\u00e0 e a garanzia della sicurezza delle rispettive Comunit\u00e0 nel corso del servizio prestato presso il Comando Provinciale dio Sassari.<\/p>\n","protected":false},"excerpt":{"rendered":"<p>Sassari, 6 Sett 2026 &#8211; Nei prossimi giorni, il Comando Provinciale dei Carabinieri di Sassari registrer\u00e0 l\u2019avvicendamento di quattro Ufficiali, destinati dal Comando Generale dell\u2019Arma&#8230;<\/p>\n","protected":false},"author":2,"featured_media":275793,"comment_status":"closed","ping_status":"open","sticky":false,"template":"","format":"standard","meta":[],"categories":[49,55],"tags":[],"_links":{"self":[{"href":"https:\/\/www.cronacaonline.it\/index.php\/wp-json\/wp\/v2\/posts\/275792"}],"collection":[{"href":"https:\/\/www.cronacaonline.it\/index.php\/wp-json\/wp\/v2\/posts"}],"about":[{"href":"https:\/\/www.cronacaonline.it\/index.php\/wp-json\/wp\/v2\/types\/post"}],"author":[{"embeddable":true,"href":"https:\/\/www.cronacaonline.it\/index.php\/wp-json\/wp\/v2\/users\/2"}],"replies":[{"embeddable":true,"href":"https:\/\/www.cronacaonline.it\/index.php\/wp-json\/wp\/v2\/comments?post=275792"}],"version-history":[{"count":1,"href":"https:\/\/www.cronacaonline.it\/index.php\/wp-json\/wp\/v2\/posts\/275792\/revisions"}],"predecessor-version":[{"id":275794,"href":"https:\/\/www.cronacaonline.it\/index.php\/wp-json\/wp\/v2\/posts\/275792\/revisions\/275794"}],"wp:featuredmedia":[{"embeddable":true,"href":"https:\/\/www.cronacaonline.it\/index.php\/wp-json\/wp\/v2\/media\/275793"}],"wp:attachment":[{"href":"https:\/\/www.cronacaonline.it\/index.php\/wp-json\/wp\/v2\/media?parent=275792"}],"wp:term":[{"taxonomy":"category","embeddable":true,"href":"https:\/\/www.cronacaonline.it\/index.php\/wp-json\/wp\/v2\/categories?post=275792"},{"taxonomy":"post_tag","embeddable":true,"href":"https:\/\/www.cronacaonline.it\/index.php\/wp-json\/wp\/v2\/tags?post=275792"}],"curies":[{"name":"wp","href":"https:\/\/api.w.org\/{rel}","templated":true}]}}