{"id":275774,"date":"2026-09-04T15:14:26","date_gmt":"2026-09-04T13:14:26","guid":{"rendered":"https:\/\/www.cronacaonline.it\/?p=275774"},"modified":"2026-09-04T15:14:28","modified_gmt":"2026-09-04T13:14:28","slug":"cambio-al-comando-della-guardia-costiera-di-carloforte-2","status":"publish","type":"post","link":"https:\/\/www.cronacaonline.it\/index.php\/2026\/09\/04\/cambio-al-comando-della-guardia-costiera-di-carloforte-2\/","title":{"rendered":"Cambio al Comando della Guardia Costiera di Carloforte."},"content":{"rendered":"\n<p>Carloforte (Ci), 4 Sett 2026 - Il Tenente di Vascello Pilota Davide Negro, di origini pugliesi, \u00e8 il<\/p>\n\n\n\n<p>nuovo Comandante dell\u2019Ufficio Circondariale Marittimo di Carloforte.<\/p>\n\n\n\n<p>Questa mattina, venerd\u00ec 4 settembre, si \u00e8 svolta, presso la storica sede della Lega Navale<\/p>\n\n\n\n<p>del comune di Carloforte, la cerimonia di passaggio di consegne fra il Comandante<\/p>\n\n\n\n<p>Negro ed il Comandante Pascariello, alla presenza del Capitano di Vascello Paolo<\/p>\n\n\n\n<p>Marzio, Comandante della Direzione marittima di Cagliari e dell\u2019Ammiraglio di<\/p>\n\n\n\n<p>divisione Enrico Pacioni Comandante del Comando Marittimo Autonomo Ovest.<\/p>\n\n\n\n<p>Il Tenente di Vascello Negro \u00e8 subentrato al parigrado Domenico Pascariello, ora<\/p>\n\n\n\n<p>destinato presso la Base Aeromobili Nucleo Aereo e Sezione Volo Elicotteri di Sarzana<\/p>\n\n\n\n<p>che, giunto sull\u2019Isola di San Pietro nel mese di settembre del 2024 ha cessato, dopo<\/p>\n\n\n\n<p>due anni, il prestigioso incarico alla guida dell\u2019Ufficio Circondariale Marittimo di<\/p>\n\n\n\n<p>Carloforte.<\/p>\n\n\n\n<p>Il neo Comandante, \u00e8 entrato nel Corpo delle Capitanerie di porto - Guardia Costiera nel 2014, dopo aver vinto il concorso per allievi Ufficiali all\u2019Accademia navale di Livorno.<\/p>\n\n\n\n<p>Destinato, al termine degli studi accademici, quale addetto alla formazione della 3\u00b0 classe dell\u2019Accademia Navale, nel settembre 2020 ha iniziato il percorso di formazione per entrare a far parte della componente aerea del Corpo, conclusosi con il conseguimento del brevetto da pilota militare e la conseguente abilitazione come pilota di elicottero, a seguito del quale \u00e8 stato destinato presso la Base Aeromobili Nucleo Aereo e Sezione Volo Elicotteri di Sarzana, dove ha partecipato a diverse operazioni di ricerca e soccorso.<\/p>\n\n\n\n<p>\u201cCoesione, unione di intenti e viva partecipazione nella tutela della risorsa mare da parte dell\u2019Autorit\u00e0 Marittima e delle Istituzioni locali, consentiranno di perfezionare gli ottimi risultati gi\u00e0 raggiunti e indirizzare la rotta verso obiettivi pi\u00f9 ambiziosi, al servizio della collettivit\u00e0. Nessuna istituzione, infatti \u2013 ha dichiarato il Comandante Negro \u2013 \u00e8 pi\u00f9 forte di una comunit\u00e0 che lavora insieme\u201d.<\/p>\n","protected":false},"excerpt":{"rendered":"<p>Carloforte (Ci), 4 Sett 2026 &#8211; Il Tenente di Vascello Pilota Davide Negro, di origini pugliesi, \u00e8 il nuovo Comandante dell\u2019Ufficio Circondariale Marittimo di Carloforte.&#8230;<\/p>\n","protected":false},"author":2,"featured_media":0,"comment_status":"closed","ping_status":"open","sticky":false,"template":"","format":"standard","meta":[],"categories":[49,55],"tags":[],"_links":{"self":[{"href":"https:\/\/www.cronacaonline.it\/index.php\/wp-json\/wp\/v2\/posts\/275774"}],"collection":[{"href":"https:\/\/www.cronacaonline.it\/index.php\/wp-json\/wp\/v2\/posts"}],"about":[{"href":"https:\/\/www.cronacaonline.it\/index.php\/wp-json\/wp\/v2\/types\/post"}],"author":[{"embeddable":true,"href":"https:\/\/www.cronacaonline.it\/index.php\/wp-json\/wp\/v2\/users\/2"}],"replies":[{"embeddable":true,"href":"https:\/\/www.cronacaonline.it\/index.php\/wp-json\/wp\/v2\/comments?post=275774"}],"version-history":[{"count":1,"href":"https:\/\/www.cronacaonline.it\/index.php\/wp-json\/wp\/v2\/posts\/275774\/revisions"}],"predecessor-version":[{"id":275775,"href":"https:\/\/www.cronacaonline.it\/index.php\/wp-json\/wp\/v2\/posts\/275774\/revisions\/275775"}],"wp:attachment":[{"href":"https:\/\/www.cronacaonline.it\/index.php\/wp-json\/wp\/v2\/media?parent=275774"}],"wp:term":[{"taxonomy":"category","embeddable":true,"href":"https:\/\/www.cronacaonline.it\/index.php\/wp-json\/wp\/v2\/categories?post=275774"},{"taxonomy":"post_tag","embeddable":true,"href":"https:\/\/www.cronacaonline.it\/index.php\/wp-json\/wp\/v2\/tags?post=275774"}],"curies":[{"name":"wp","href":"https:\/\/api.w.org\/{rel}","templated":true}]}}