{"id":275765,"date":"2026-09-04T12:19:26","date_gmt":"2026-09-04T10:19:26","guid":{"rendered":"https:\/\/www.cronacaonline.it\/?p=275765"},"modified":"2026-09-04T12:19:28","modified_gmt":"2026-09-04T10:19:28","slug":"questa-mattina-a-tortoli-ix-congresso-regionale-dellassociazione-difesa-e-orientamento-dei-consumatori-adoc","status":"publish","type":"post","link":"https:\/\/www.cronacaonline.it\/index.php\/2026\/09\/04\/questa-mattina-a-tortoli-ix-congresso-regionale-dellassociazione-difesa-e-orientamento-dei-consumatori-adoc\/","title":{"rendered":"Questa mattina a Tortol\u00ec IX congresso regionale dell&#8217;associazione difesa e orientamento dei consumatori Adoc."},"content":{"rendered":"\n<p>Tortol\u00ec (Nu), 4 Sett 2026 - Si \u00e8 svolto stamattina a Tortol\u00ec il IX congresso regionale dell'associazione difesa e orientamento dei consumatori Adoc Sardegna, dedicata al tema del consumo critico e dell'economia circolare, con particolare riferimento all'eccesso nella produzione di plastiche e alla dispersione di queste nell'ambiente, con sensibili danni alla vita sul pianeta ed alla salute umana.<\/p>\n\n\n\n<p>Si \u00e8 discusso delle possibili alternative alla plastica e alle prospettive di ridurne la presenza nel packaging, in particolare nelle confezioni monouso. Un altro tema affrontato \u00e8 stato quello della tutela della qualit\u00e0 alimentare, della protezione delle denominazioni d'origine con precipua attenzione alla Sardegna. Erano presenti diversi amministratori locali dell'Ogliastra, tra i quali il vicesindaco di Tortol\u00ec Irene Murru e i presidenti di associazioni operanti sul territorio, dalla Caritas ad altre aggregazioni di consumatori di rilevanza nazionale, espressione delle maggiori sigle sindacali. Ha partecipato al meeting anche la Presidente nazionale dell'Adoc Anna Rea, che ha posto l'accento sulla centralit\u00e0 della consapevolezza negli acquisti e nel consumo dei servizi in generale, alla base della libert\u00e0 di scelta di tutte le persone, assolutamente essenziale in questa fase di forte innovazione tecnologica dovuta all'utilizzo dell'intelligenza artificiale. Il Presidente regionale Adoc, Giuliano Frau ha posto l'accento in particolare sulla sinergia esistente in Ogliastra fra diverse associazioni operanti sul territorio e sul favorevole clima di collaborazione che si respira. Red<\/p>\n","protected":false},"excerpt":{"rendered":"<p>Tortol\u00ec (Nu), 4 Sett 2026 &#8211; Si \u00e8 svolto stamattina a Tortol\u00ec il IX congresso regionale dell&#8217;associazione difesa e orientamento dei consumatori Adoc Sardegna, dedicata&#8230;<\/p>\n","protected":false},"author":2,"featured_media":275766,"comment_status":"closed","ping_status":"open","sticky":false,"template":"","format":"standard","meta":[],"categories":[49,53],"tags":[],"_links":{"self":[{"href":"https:\/\/www.cronacaonline.it\/index.php\/wp-json\/wp\/v2\/posts\/275765"}],"collection":[{"href":"https:\/\/www.cronacaonline.it\/index.php\/wp-json\/wp\/v2\/posts"}],"about":[{"href":"https:\/\/www.cronacaonline.it\/index.php\/wp-json\/wp\/v2\/types\/post"}],"author":[{"embeddable":true,"href":"https:\/\/www.cronacaonline.it\/index.php\/wp-json\/wp\/v2\/users\/2"}],"replies":[{"embeddable":true,"href":"https:\/\/www.cronacaonline.it\/index.php\/wp-json\/wp\/v2\/comments?post=275765"}],"version-history":[{"count":1,"href":"https:\/\/www.cronacaonline.it\/index.php\/wp-json\/wp\/v2\/posts\/275765\/revisions"}],"predecessor-version":[{"id":275767,"href":"https:\/\/www.cronacaonline.it\/index.php\/wp-json\/wp\/v2\/posts\/275765\/revisions\/275767"}],"wp:featuredmedia":[{"embeddable":true,"href":"https:\/\/www.cronacaonline.it\/index.php\/wp-json\/wp\/v2\/media\/275766"}],"wp:attachment":[{"href":"https:\/\/www.cronacaonline.it\/index.php\/wp-json\/wp\/v2\/media?parent=275765"}],"wp:term":[{"taxonomy":"category","embeddable":true,"href":"https:\/\/www.cronacaonline.it\/index.php\/wp-json\/wp\/v2\/categories?post=275765"},{"taxonomy":"post_tag","embeddable":true,"href":"https:\/\/www.cronacaonline.it\/index.php\/wp-json\/wp\/v2\/tags?post=275765"}],"curies":[{"name":"wp","href":"https:\/\/api.w.org\/{rel}","templated":true}]}}