{"id":275761,"date":"2026-09-04T12:10:21","date_gmt":"2026-09-04T10:10:21","guid":{"rendered":"https:\/\/www.cronacaonline.it\/?p=275761"},"modified":"2026-09-04T12:10:25","modified_gmt":"2026-09-04T10:10:25","slug":"enti-locali-dopo-ventanni-operativo-losservatorio-sul-decentramento-spanedda-meloni-e-cocco-diamo-finalmente-attuazione-a-uno-strumento-essenziale-per-rafforzare-le-auto","status":"publish","type":"post","link":"https:\/\/www.cronacaonline.it\/index.php\/2026\/09\/04\/enti-locali-dopo-ventanni-operativo-losservatorio-sul-decentramento-spanedda-meloni-e-cocco-diamo-finalmente-attuazione-a-uno-strumento-essenziale-per-rafforzare-le-auto\/","title":{"rendered":"Enti Locali, dopo vent\u2019anni operativo l\u2019Osservatorio sul decentramento. Spanedda, Meloni e Cocco: \u201cDiamo finalmente attuazione a uno strumento essenziale per rafforzare le autonomie locali\u201d."},"content":{"rendered":"\n<p>Cagliari, 4 Sett 2026\u00a0-\u00a0Dopo vent\u2019anni dalla sua previsione nella legge regionale n. 9 del 2006, diventa finalmente operativo l\u2019Osservatorio regionale sul conferimento di nuove funzioni agli enti locali della Sardegna.<\/p>\n\n\n\n<p>Istituito con la deliberazione della Giunta regionale n. 36\/36 del 15 luglio 2026, l\u2019organismo si \u00e8 insediato ieri, 3 settembre, e ha avviato le proprie attivit\u00e0. Il regolamento interno ne disciplina organizzazione, funzionamento e modalit\u00e0 di monitoraggio.<\/p>\n\n\n\n<p>\u201cDopo vent\u2019anni di attesa, rendiamo finalmente operativo uno strumento previsto dalla legge ma mai pienamente attuato. L\u2019Osservatorio ci permetter\u00e0 di fare il punto sull\u2019attuazione del decentramento, individuare le criticit\u00e0 e orientare le scelte della Regione\u201d, sottolineano gli assessori degli Enti Locali, Finanze e Urbanistica, Francesco Spanedda, della Programmazione e Bilancio, Giuseppe Meloni, e del Personale, Sebastian Cocco. \u201cTrasferire una funzione \u2013 spiegano \u2013 significa garantire anche le condizioni per esercitarla: competenze, personale e risorse devono procedere insieme\u201d.<\/p>\n\n\n\n<p>L\u2019Osservatorio seguir\u00e0 l\u2019attuazione della legge regionale n. 9 del 2006, con particolare riferimento al trasferimento di funzioni, personale e risorse finanziarie e alla loro coerenza con le esigenze degli enti locali.<\/p>\n\n\n\n<p>Il monitoraggio sar\u00e0 alimentato da flussi informativi trimestrali delle strutture regionali competenti e confluir\u00e0 nella relazione annuale sullo stato di attuazione del processo di decentramento.<\/p>\n\n\n\n<p>Tra i compiti dell\u2019organismo rientrano inoltre il raccordo tra le strutture regionali coinvolte, il coordinamento con la Conferenza permanente Regione-enti locali e la formulazione di proposte alla Giunta regionale per eventuali interventi legislativi o regolamentari.<\/p>\n\n\n\n<p>La struttura \u00e8 composta dagli assessori competenti in materia di enti locali, personale e organizzazione, bilancio e programmazione. Sulle singole tematiche potranno essere coinvolti rappresentanti degli altri assessorati, esperti, tecnici, enti locali e loro associazioni.<\/p>\n\n\n\n<p>\u201cIl decentramento \u2013 aggiungono gli assessori \u2013 \u00e8 una scelta di responsabilit\u00e0 e uno dei cardini dell\u2019autonomia regionale. Avvicinare le funzioni ai territori significa rendere le istituzioni pi\u00f9 vicine ai cittadini e pi\u00f9 capaci di rispondere alle esigenze delle comunit\u00e0. Con l\u2019Osservatorio la Regione rafforza la propria capacit\u00e0 di accompagnare questo percorso e di costruire un sistema delle autonomie locali pi\u00f9 efficace e solido\u201d.<\/p>\n\n\n\n<p>L\u2019organismo si riunir\u00e0 ordinariamente almeno quattro volte l\u2019anno e operer\u00e0 senza nuovi o maggiori oneri a carico del bilancio regionale, attraverso le risorse umane e strumentali gi\u00e0 disponibili presso le strutture competenti. Com<\/p>\n","protected":false},"excerpt":{"rendered":"<p>Cagliari, 4 Sett 2026\u00a0&#8211;\u00a0Dopo vent\u2019anni dalla sua previsione nella legge regionale n. 9 del 2006, diventa finalmente operativo l\u2019Osservatorio regionale sul conferimento di nuove funzioni&#8230;<\/p>\n","protected":false},"author":2,"featured_media":273032,"comment_status":"closed","ping_status":"open","sticky":false,"template":"","format":"standard","meta":[],"categories":[49,52],"tags":[],"_links":{"self":[{"href":"https:\/\/www.cronacaonline.it\/index.php\/wp-json\/wp\/v2\/posts\/275761"}],"collection":[{"href":"https:\/\/www.cronacaonline.it\/index.php\/wp-json\/wp\/v2\/posts"}],"about":[{"href":"https:\/\/www.cronacaonline.it\/index.php\/wp-json\/wp\/v2\/types\/post"}],"author":[{"embeddable":true,"href":"https:\/\/www.cronacaonline.it\/index.php\/wp-json\/wp\/v2\/users\/2"}],"replies":[{"embeddable":true,"href":"https:\/\/www.cronacaonline.it\/index.php\/wp-json\/wp\/v2\/comments?post=275761"}],"version-history":[{"count":1,"href":"https:\/\/www.cronacaonline.it\/index.php\/wp-json\/wp\/v2\/posts\/275761\/revisions"}],"predecessor-version":[{"id":275762,"href":"https:\/\/www.cronacaonline.it\/index.php\/wp-json\/wp\/v2\/posts\/275761\/revisions\/275762"}],"wp:featuredmedia":[{"embeddable":true,"href":"https:\/\/www.cronacaonline.it\/index.php\/wp-json\/wp\/v2\/media\/273032"}],"wp:attachment":[{"href":"https:\/\/www.cronacaonline.it\/index.php\/wp-json\/wp\/v2\/media?parent=275761"}],"wp:term":[{"taxonomy":"category","embeddable":true,"href":"https:\/\/www.cronacaonline.it\/index.php\/wp-json\/wp\/v2\/categories?post=275761"},{"taxonomy":"post_tag","embeddable":true,"href":"https:\/\/www.cronacaonline.it\/index.php\/wp-json\/wp\/v2\/tags?post=275761"}],"curies":[{"name":"wp","href":"https:\/\/api.w.org\/{rel}","templated":true}]}}