{"id":275751,"date":"2026-09-04T06:43:07","date_gmt":"2026-09-04T04:43:07","guid":{"rendered":"https:\/\/www.cronacaonline.it\/?p=275751"},"modified":"2026-09-04T06:43:09","modified_gmt":"2026-09-04T04:43:09","slug":"femminicidio-suicidio-sulla-a1-getta-la-ex-dal-cavalcavia-e-poi-si-lancia-nel-vuoto","status":"publish","type":"post","link":"https:\/\/www.cronacaonline.it\/index.php\/2026\/09\/04\/femminicidio-suicidio-sulla-a1-getta-la-ex-dal-cavalcavia-e-poi-si-lancia-nel-vuoto\/","title":{"rendered":"Femminicidio-suicidio sulla A1: getta la ex dal cavalcavia e poi si lancia nel vuoto."},"content":{"rendered":"\n<p>Cagliari, 4 Sett 2026 - Una storia su Instagram con scritto 'Addio a tutti'. \u00c8 l'ultimo messaggio di Federico Vella, il 36enne fiorentino che, secondo quanto ricostruito al momento dagli inquirenti, ha ucciso nel pomeriggio Lorena Isceri, 45 anni, lanciandola da un viadotto sull'A1, per poi togliersi la vita. Originaria di Lecce ma residente nel capoluogo toscano, dirigente d'azienda con un lavoro nel nord Italia, Lorena \u00e8 stata uccisa dopo aver subito un vero e proprio agguato: l'uomo l'ha attesa nel garage di casa e l'ha sequestrata, poi l'ha rinchiusa nel bagagliaio dell'auto. \u00a0\u00a0<\/p>\n\n\n\n<p>Vella si \u00e8 suicidato gettandosi dal viadotto Lora dell'A1, a Barberino di Mugello (Firenze), lungo la carreggiata nord della Autostrada del Sole Panoramica, all'altezza del bivio con la Direttissima. Poco prima nel vuoto aveva lanciato la 45enne, donna con cui aveva avuto una relazione che sembra si fosse conclusa, almeno stando ai messaggi che lui aveva postato sempre su Instagram qualche settimana fa. Lo scorso 12 agosto aveva pubblicato sui social un video con immagini di loro due insieme e della donna e la scritta: 'Certi incastri sono cos\u00ec perfetti che, anche se li separi, la forma dell'altro ti rimane addosso per sempre. A te, che sei la donna che ho amato con tutto me stesso e ho perso per la mia stupidit\u00e0. Sar\u00f2 tuo anche se non posso pi\u00f9 esserlo\".<\/p>\n\n\n\n<p>Da accertare se la vittima fosse gi\u00e0 morta quando \u00e8 precipitata: la risposta \u00e8 attesa dall'autopsia che la procura ha gi\u00e0 disposto. E una risposta su quanto accaduto in A1potrebbe arrivare dalle telecamere dell'autostrada e dalla bodycam degli agenti della polizia stradale, che avevano intercettato l'auto dopo l'allarme che la 45enne era riuscita a dare.<\/p>\n\n\n\n<p>Il nuovo caso di femminicidio sarebbe iniziato con un agguato a Firenze. In base a quanto ricostruito finora dalle indagini -condotte dalla squadra mobile fiorentina guidata da Domenico Balsamo e coordinate dal pm Antonio Di Natale - il 36enne avrebbe aggredito la 45enne nel garage della casa della donna a Rifredi. Poi, l'avrebbe rinchiusa del bagagliaio dell'auto prima di ripartire e raggiungere l'autostrada: non \u00e8 chiaro dove fosse diretto. Nel bagagliaio avrebbe per\u00f2 lasciato anche il suo zaino con il cellulare. Telefono che la vittima ha trovato e utilizzato per chiedere aiuto: avrebbe chiamato il numero unico di emergenza 112 e anche a un amico. L'uomo se ne sarebbe accorto e dopo aver fermato l'auto, le avrebbe strappato il cellulare.<\/p>\n\n\n\n<p>Nel frattempo, a seguito della richiesta di aiuto, la sala operativa della questura di Firenze ha disposto la ricerca della vettura in autostrada. Una pattuglia della polstrada di Pian del Voglio \u00e8 giunta sul posto. Gli agenti hanno tentato di avvicinarsi all'uomo, che era in bilico sul ponte. Vella avrebbe gridato frasi sconnesse, poi si \u00e8 gettato dal viadotto: a riprendere la scena anche la bodycam in dotazione ai poliziotti mentre le telecamere dell'autostrade avevano ripreso cosa aveva fatto in precedenza l'uomo. Nel terreno sottostante al ponte autostradale \u00e8 stato prima trovato il cadavere del 36enne e poi, poco distante, quello della donna. Sul posto, oltre ai soccorsi sanitari, sono arrivati i vigili del fuoco, la squadra mobile e il Pm. Presenti anche il personale della direzione 4\/o tronco di Firenze di Autostrade per l'Italia: a seguito dell'accaduto sulla A1 Panoramica \u00e8 stato chiuso il tratto tra il bivio con laA1 Direttissima e Roncobilaccio. &nbsp; Sempre oggi, a a Ostia, un altro omicidio-suicidio: un'anziana \u00e8 stata trovata morta in un'abitazione al quarto piano di un palazzo in via Mare di Tasman, mentre il figlio \u00e8 stato rinvenuto senza vita in strada. Secondo una prima ricostruzione, la donna sarebbe stata soffocata con un cuscino, poi l'uomo si sarebbe lanciato dalla finestra.<\/p>\n","protected":false},"excerpt":{"rendered":"<p>Cagliari, 4 Sett 2026 &#8211; Una storia su Instagram con scritto &#8216;Addio a tutti&#8217;. \u00c8 l&#8217;ultimo messaggio di Federico Vella, il 36enne fiorentino che, secondo&#8230;<\/p>\n","protected":false},"author":2,"featured_media":275752,"comment_status":"closed","ping_status":"open","sticky":false,"template":"","format":"standard","meta":[],"categories":[49,50],"tags":[],"_links":{"self":[{"href":"https:\/\/www.cronacaonline.it\/index.php\/wp-json\/wp\/v2\/posts\/275751"}],"collection":[{"href":"https:\/\/www.cronacaonline.it\/index.php\/wp-json\/wp\/v2\/posts"}],"about":[{"href":"https:\/\/www.cronacaonline.it\/index.php\/wp-json\/wp\/v2\/types\/post"}],"author":[{"embeddable":true,"href":"https:\/\/www.cronacaonline.it\/index.php\/wp-json\/wp\/v2\/users\/2"}],"replies":[{"embeddable":true,"href":"https:\/\/www.cronacaonline.it\/index.php\/wp-json\/wp\/v2\/comments?post=275751"}],"version-history":[{"count":1,"href":"https:\/\/www.cronacaonline.it\/index.php\/wp-json\/wp\/v2\/posts\/275751\/revisions"}],"predecessor-version":[{"id":275753,"href":"https:\/\/www.cronacaonline.it\/index.php\/wp-json\/wp\/v2\/posts\/275751\/revisions\/275753"}],"wp:featuredmedia":[{"embeddable":true,"href":"https:\/\/www.cronacaonline.it\/index.php\/wp-json\/wp\/v2\/media\/275752"}],"wp:attachment":[{"href":"https:\/\/www.cronacaonline.it\/index.php\/wp-json\/wp\/v2\/media?parent=275751"}],"wp:term":[{"taxonomy":"category","embeddable":true,"href":"https:\/\/www.cronacaonline.it\/index.php\/wp-json\/wp\/v2\/categories?post=275751"},{"taxonomy":"post_tag","embeddable":true,"href":"https:\/\/www.cronacaonline.it\/index.php\/wp-json\/wp\/v2\/tags?post=275751"}],"curies":[{"name":"wp","href":"https:\/\/api.w.org\/{rel}","templated":true}]}}