{"id":275745,"date":"2026-09-03T18:37:05","date_gmt":"2026-09-03T16:37:05","guid":{"rendered":"https:\/\/www.cronacaonline.it\/?p=275745"},"modified":"2026-09-03T18:37:08","modified_gmt":"2026-09-03T16:37:08","slug":"politiche-sociali-la-regione-approva-la-prima-programmazione-delle-strutture-integrate-todde-offerta-piu-equilibrata-e-coerente-con-i-bisogni-dei-territori","status":"publish","type":"post","link":"https:\/\/www.cronacaonline.it\/index.php\/2026\/09\/03\/politiche-sociali-la-regione-approva-la-prima-programmazione-delle-strutture-integrate-todde-offerta-piu-equilibrata-e-coerente-con-i-bisogni-dei-territori\/","title":{"rendered":"Politiche Sociali, la Regione approva la prima programmazione delle strutture integrate. Todde: \u201cOfferta pi\u00f9 equilibrata e coerente con i bisogni dei territori\u201d."},"content":{"rendered":"\n<p>Cagliari, 3 Sett 2026\u00a0- La Giunta regionale ha approvato la prima programmazione regionale delle strutture integrate sociali e sociosanitarie, definendo un nuovo quadro per governare la distribuzione sul territorio delle comunit\u00e0 rivolte agli anziani non autosufficienti, alle persone con disabilit\u00e0 e ai minori. La programmazione riguarda le strutture integrate previste dalla legge regionale n. 23 del 2005 e dal relativo regolamento di attuazione.<\/p>\n\n\n\n<p>L'obiettivo \u00e8 assicurare una distribuzione pi\u00f9 equilibrata dell'offerta, facendo in modo che l'apertura di nuove strutture e l'ampliamento di quelle esistenti siano coerenti con gli effettivi fabbisogni delle diverse aree della Sardegna. La programmazione assume come riferimento la distribuzione delle strutture gi\u00e0 autorizzate, i dati demografici e la capacit\u00e0 ricettiva presente nei diversi territori.<\/p>\n\n\n\n<p>\u201cPer la prima volta disponiamo di uno strumento che ci consente di programmare lo sviluppo delle strutture integrate sulla base dei bisogni reali delle persone e dei territori \u2013 dichiara la presidente della Regione e assessora ad interim dell'Igiene e Sanit\u00e0 e dell'Assistenza sociale, Alessandra Todde \u2013. Non si tratta di limitare l'offerta, ma di governarla, indirizzando le nuove iniziative dove sono maggiormente necessarie ed evitando squilibri territoriali. La qualit\u00e0 dell'assistenza passa anche da una programmazione pubblica capace di tenere insieme domanda, offerta e sostenibilit\u00e0 del sistema\u201d.<\/p>\n\n\n\n<p>La ricognizione effettuata attraverso il Sistema Informativo del Welfare Regionale \u2013 SIWE censisce complessivamente 251 strutture integrate autorizzate: 233 comunit\u00e0 integrate per anziani non autosufficienti, 10 comunit\u00e0 integrate per persone con disabilit\u00e0 e per il \u201cDopo di noi\u201d e 8 comunit\u00e0 socio-educative integrate per minori.<\/p>\n\n\n\n<p>Per la programmazione 2026 il territorio regionale \u00e8 stato suddiviso in macroaree ottenute aggregando gli Ambiti PLUS. Il fabbisogno \u00e8 stato determinato sulla base della popolazione residente al 1\u00b0 gennaio 2025, della popolazione target per ciascuna tipologia di servizio e della capacit\u00e0 ricettiva gi\u00e0 autorizzata. Per le strutture rivolte agli anziani \u00e8 stata quindi considerata la popolazione over 65, per quelle destinate alle persone con disabilit\u00e0 la fascia 18-64 anni e per le strutture dedicate ai minori la popolazione sotto i 18 anni.<\/p>\n\n\n\n<p>Il provvedimento modifica inoltre il sistema con cui saranno autorizzate le nuove strutture. Dal 1\u00b0 gennaio 2027 sar\u00e0 ripristinato il parere espresso e preventivo di compatibilit\u00e0 da parte della Direzione generale delle Politiche Sociali: prima di una nuova apertura sar\u00e0 quindi verificata la coerenza dell'intervento con il fabbisogno della macroarea interessata e con i vincoli finanziari delle Aziende sociosanitarie locali. Viene cos\u00ec superato il precedente meccanismo nel quale il parere di compatibilit\u00e0 poteva considerarsi acquisito automaticamente al ricorrere dei requisiti autorizzativi.<\/p>\n\n\n\n<p>Per consentire il passaggio al nuovo regime ed evitare che nuove autorizzazioni modifichino nel frattempo il quadro sul quale \u00e8 stata costruita la programmazione, dalla pubblicazione della deliberazione e fino al 1\u00b0 gennaio 2027 saranno sospesi i procedimenti per l'apertura di nuove strutture residenziali integrate e quelli finalizzati all'aumento della capacit\u00e0 ricettiva delle strutture gi\u00e0 autorizzate.<\/p>\n\n\n\n<p>La delibera tutela, tuttavia, gli investimenti gi\u00e0 concretamente avviati alla data della sua approvazione, purch\u00e9 documentabili attraverso atti o impegni oggettivamente riscontrabili, come l'acquisto o la locazione di immobili destinati ad attivit\u00e0 sociosanitarie, progetti edilizi approvati, investimenti finanziari vincolati o titoli edilizi gi\u00e0 rilasciati. Queste iniziative saranno progressivamente ricondotte al fabbisogno programmato e, ove necessario, salvaguardate attraverso un adeguamento della programmazione.<\/p>\n\n\n\n<p>La programmazione avr\u00e0 carattere dinamico e potr\u00e0 essere rivista entro un anno, anche per includere eventuali strutture non ancora censite. Un ruolo centrale sar\u00e0 svolto dal SIWE, attraverso il quale dovr\u00e0 essere assicurato un flusso costante di informazioni tra strutture, Comuni e Regione su ospiti, personale e servizi erogati. Com<\/p>\n","protected":false},"excerpt":{"rendered":"<p>Cagliari, 3 Sett 2026\u00a0&#8211; La Giunta regionale ha approvato la prima programmazione regionale delle strutture integrate sociali e sociosanitarie, definendo un nuovo quadro per governare&#8230;<\/p>\n","protected":false},"author":2,"featured_media":275746,"comment_status":"closed","ping_status":"open","sticky":false,"template":"","format":"standard","meta":[],"categories":[49,52],"tags":[],"_links":{"self":[{"href":"https:\/\/www.cronacaonline.it\/index.php\/wp-json\/wp\/v2\/posts\/275745"}],"collection":[{"href":"https:\/\/www.cronacaonline.it\/index.php\/wp-json\/wp\/v2\/posts"}],"about":[{"href":"https:\/\/www.cronacaonline.it\/index.php\/wp-json\/wp\/v2\/types\/post"}],"author":[{"embeddable":true,"href":"https:\/\/www.cronacaonline.it\/index.php\/wp-json\/wp\/v2\/users\/2"}],"replies":[{"embeddable":true,"href":"https:\/\/www.cronacaonline.it\/index.php\/wp-json\/wp\/v2\/comments?post=275745"}],"version-history":[{"count":1,"href":"https:\/\/www.cronacaonline.it\/index.php\/wp-json\/wp\/v2\/posts\/275745\/revisions"}],"predecessor-version":[{"id":275747,"href":"https:\/\/www.cronacaonline.it\/index.php\/wp-json\/wp\/v2\/posts\/275745\/revisions\/275747"}],"wp:featuredmedia":[{"embeddable":true,"href":"https:\/\/www.cronacaonline.it\/index.php\/wp-json\/wp\/v2\/media\/275746"}],"wp:attachment":[{"href":"https:\/\/www.cronacaonline.it\/index.php\/wp-json\/wp\/v2\/media?parent=275745"}],"wp:term":[{"taxonomy":"category","embeddable":true,"href":"https:\/\/www.cronacaonline.it\/index.php\/wp-json\/wp\/v2\/categories?post=275745"},{"taxonomy":"post_tag","embeddable":true,"href":"https:\/\/www.cronacaonline.it\/index.php\/wp-json\/wp\/v2\/tags?post=275745"}],"curies":[{"name":"wp","href":"https:\/\/api.w.org\/{rel}","templated":true}]}}