{"id":275730,"date":"2026-09-03T09:36:28","date_gmt":"2026-09-03T07:36:28","guid":{"rendered":"https:\/\/www.cronacaonline.it\/?p=275730"},"modified":"2026-09-03T09:36:30","modified_gmt":"2026-09-03T07:36:30","slug":"el-nino-di-proporzioni-gigantesche-lonu-lancia-lallarme-per-i-prossimi-mesi","status":"publish","type":"post","link":"https:\/\/www.cronacaonline.it\/index.php\/2026\/09\/03\/el-nino-di-proporzioni-gigantesche-lonu-lancia-lallarme-per-i-prossimi-mesi\/","title":{"rendered":"El Ni\u00f1o di &#8220;proporzioni gigantesche&#8221;: l\u2019Onu lancia l\u2019allarme per i prossimi mesi."},"content":{"rendered":"\n<p>Cagliari, 3 Sett 2026 - Il fenomeno\u00a0El Ni\u00f1o\u00a0\"di proporzioni gigantesche\" sta facendo precipitare il pianeta in una \"zona di pericolo\" del clima estremo: \u00e8 il monito del segretario generale dell'Onu Antonio Guterres.<\/p>\n\n\n\n<p>\"El Nino sta assumendo proporzioni gigantesche. La scienza non lascia spazio a dubbi: il pianeta si trova in acque inesplorate, e quelle acque si stanno riscaldando. Le temperature continuano a salire e il mondo si trova nella zona di pericolo delle condizioni meteorologiche estreme\", ha affermato Guterres. L'agenzia Onu per il clima stima che El Nino \u00e8 destinato a diventare \"molto intenso\" ed \u00e8 quasi certo che&nbsp;persister\u00e0 fino a febbraio.<\/p>\n\n\n\n<p>\"El Nino ha il potenziale di infliggere un colpo devastante alle comunit\u00e0 e alle economie di tutto il mondo\", ha affermato&nbsp;Celeste Saulo, Segretaria Generale dell'Organizzazione Meteorologica Mondiale&nbsp;(OMM) delle Nazioni Unite, citata dal&nbsp;Guardian. \"Stiamo gi\u00e0 assistendo a sconvolgimenti e devastazioni causati da siccit\u00e0 e inondazioni e prevediamo che questi impatti aumentino con l'intensificarsi di El Ni\u00f1o\".&nbsp;<\/p>\n\n\n\n<p>\"Mai prima d'ora, nei 50 anni di storia dell'OMM, abbiamo avviato una mobilitazione di tale portata con i servizi meteorologici e idrologici nazionali, che sono in prima linea nel fornire previsioni e servizi per salvare vite umane e mezzi di sussistenza. Non c'\u00e8 tempo da perdere\".<\/p>\n\n\n\n<p>El Ni\u00f1o, stima il&nbsp;Guardian, sar\u00e0 probabilmente&nbsp;il pi\u00f9 intenso degli ultimi 1.000 anni&nbsp;e aggiunger\u00e0 ulteriore calore a un'atmosfera in cui le temperature stanno gi\u00e0 aumentando rapidamente a causa del riscaldamento globale. Questa combinazione fa s\u00ec che il 2027 sia destinato a spazzare via ogni record e a diventare&nbsp;l'anno pi\u00f9 caldo mai registrato.&nbsp;<\/p>\n\n\n\n<p>L'aumento del calore causato da El Ni\u00f1o sta gi\u00e0 avendo ripercussioni, dall'aggravarsi degli incendi boschivi in Indonesia all'indebolimento delle fondamentali piogge monsoniche in India. Gli effetti si estenderanno a livello globale, da un maggiore rischio di incendi in Australia a inondazioni pi\u00f9 intense in Sudamerica. Il Programma Alimentare Mondiale ha affermato ad agosto che El Ni\u00f1o rischia di spingere circa 50 milioni di persone in una situazione di fame acuta.<\/p>\n","protected":false},"excerpt":{"rendered":"<p>Cagliari, 3 Sett 2026 &#8211; Il fenomeno\u00a0El Ni\u00f1o\u00a0&#8220;di proporzioni gigantesche&#8221; sta facendo precipitare il pianeta in una &#8220;zona di pericolo&#8221; del clima estremo: \u00e8 il&#8230;<\/p>\n","protected":false},"author":2,"featured_media":275731,"comment_status":"closed","ping_status":"open","sticky":false,"template":"","format":"standard","meta":[],"categories":[49,51],"tags":[],"_links":{"self":[{"href":"https:\/\/www.cronacaonline.it\/index.php\/wp-json\/wp\/v2\/posts\/275730"}],"collection":[{"href":"https:\/\/www.cronacaonline.it\/index.php\/wp-json\/wp\/v2\/posts"}],"about":[{"href":"https:\/\/www.cronacaonline.it\/index.php\/wp-json\/wp\/v2\/types\/post"}],"author":[{"embeddable":true,"href":"https:\/\/www.cronacaonline.it\/index.php\/wp-json\/wp\/v2\/users\/2"}],"replies":[{"embeddable":true,"href":"https:\/\/www.cronacaonline.it\/index.php\/wp-json\/wp\/v2\/comments?post=275730"}],"version-history":[{"count":1,"href":"https:\/\/www.cronacaonline.it\/index.php\/wp-json\/wp\/v2\/posts\/275730\/revisions"}],"predecessor-version":[{"id":275732,"href":"https:\/\/www.cronacaonline.it\/index.php\/wp-json\/wp\/v2\/posts\/275730\/revisions\/275732"}],"wp:featuredmedia":[{"embeddable":true,"href":"https:\/\/www.cronacaonline.it\/index.php\/wp-json\/wp\/v2\/media\/275731"}],"wp:attachment":[{"href":"https:\/\/www.cronacaonline.it\/index.php\/wp-json\/wp\/v2\/media?parent=275730"}],"wp:term":[{"taxonomy":"category","embeddable":true,"href":"https:\/\/www.cronacaonline.it\/index.php\/wp-json\/wp\/v2\/categories?post=275730"},{"taxonomy":"post_tag","embeddable":true,"href":"https:\/\/www.cronacaonline.it\/index.php\/wp-json\/wp\/v2\/tags?post=275730"}],"curies":[{"name":"wp","href":"https:\/\/api.w.org\/{rel}","templated":true}]}}