{"id":275718,"date":"2026-09-02T18:54:17","date_gmt":"2026-09-02T16:54:17","guid":{"rendered":"https:\/\/www.cronacaonline.it\/?p=275718"},"modified":"2026-09-02T18:54:20","modified_gmt":"2026-09-02T16:54:20","slug":"il-veneto-approva-la-legge-sul-fine-vita-e-la-quarta-regione-in-italia-e-la-prima-guidata-dalla-destra-zaia-risposta-doverosa-in-veneto-31-domande-dal-2019-due-hanno-avuto-il-via-libera","status":"publish","type":"post","link":"https:\/\/www.cronacaonline.it\/index.php\/2026\/09\/02\/il-veneto-approva-la-legge-sul-fine-vita-e-la-quarta-regione-in-italia-e-la-prima-guidata-dalla-destra-zaia-risposta-doverosa-in-veneto-31-domande-dal-2019-due-hanno-avuto-il-via-libera\/","title":{"rendered":"Il Veneto approva la legge sul fine vita, \u00e8 la quarta Regione in Italia. E la prima guidata dalla destra. Zaia: &#8220;Risposta doverosa. In Veneto 31 domande dal 2019, due hanno avuto il via libera&#8221;."},"content":{"rendered":"\n<p>Venezia, 2 Sett 2026 - Il Consiglio regionale del Veneto ha approvato la legge di iniziativa popolare sul fine vita. Dopo Toscana, Sardegna ed Emilia-Romagna, \u00e8 la quarta Regione italiana e la prima amministrata dal centrodestra a dare il via libera. Il provvedimento, che definisce \"procedure e tempi per l'assistenza sanitaria regionale al suicidio medicalmente assistito\", \u00e8 stato approvato con 32 voti favorevoli, 5 astenuti e 14 contrari.<\/p>\n\n\n\n<p>\"Con questa legge si approva sostanzialmente, nell'alveo della legittimit\u00e0 giuridica, una procedura che sia rispondente alla gestione, per quanto possibile, dell'eventuale paziente che ha l'ok da parte del comitato etico. \u00c8 stato doveroso dare questa risposta a quei pochissimi pazienti che si presentano\". Cos\u00ec il presidente del Consiglio regionale del Veneto Luca Zaia, ricordando che in Veneto le domande \"sono state 31 dal 2019 ad oggi e che solo tre hanno avuto l'autorizzazione del comitato etico\".<\/p>\n\n\n\n<p>\"Spero che non sia un messaggio di sfida, ma un per dire 'evitiamo che ci siano 50 leggi diverse d'Italia e che il Parlamento abbia un ulteriore livello di legittimazione per affrontare una legge nazionale', che \u00e8 quello che serve\", ha aggiunto Zaia. \"Se da un lato oggi noi rispondiamo a un bisogno dei pazienti, dall'altro comunichiamo a livello nazionale, dicendo al Parlamento' cercate di fare una legge nazionale che potrebbe ad ombrello coprire le norme'. Questo questo \u00e8 quello che serve a un Paese e non sto qui a citare che l'80% dei cittadini chiede questo\".<\/p>\n\n\n\n<p>\"Nulla \u00e8 pi\u00f9 importante della dignit\u00e0 della vita umana, che va tutelata sempre e con tutti i mezzi necessari. Per questo, in accordo con tutte le forze di maggioranza, ho lavorato alla stesura e successiva approvazione di una serie di emendamenti che modificano sostanzialmente il testo della legge di iniziativa popolare nel senso del favor vitae e permetteranno di approvarla, nel quadro delle sentenze della Corte Costituzionale su questo tema, che sono gi\u00e0 in vigore\". &nbsp;Lo dichiara il presidente della Regione del Veneto, Alberto Stefani, a seguito del voto in Consiglio regionale sugli emendamenti che ha presentato al progetto di legge nato dall'iniziativa popolare \"Liberi subito\". &nbsp;\"Il mio obiettivo \u00e8 semplice e ringrazio le forze di maggioranza per averlo compreso e sostenuto: assicurare a tutti i veneti la possibilit\u00e0 di accedere alle cure palliative, fare in modo che prima di ogni decisione siano chiari i pareri di professionisti ed esperti in bioetica, tutelare la volontariet\u00e0 del medico che assiste - spiega Stefani - Questo tema non ha bisogno di tifosi, ma di scelte ponderate, di seriet\u00e0 e di competenza\". Nello specifico gli emendamenti prevedono l'introduzione del parere rafforzato del palliativista in seno alla Commissione che deve esprimersi sulle richieste di suicidio medicalmente assistito. L'istituzione di un Comitato Bioetico Regionale, nominato dalla Giunta, che dar\u00e0 le linee ai comitati bioetici di pratica clinica territoriale nel dirimere le valutazioni. La priorit\u00e0 alle cure palliative e obbligo di informazione della possibilit\u00e0 di avvalersi delle stesse, nel momento della richiesta di suicidio medicalmente assistito.<\/p>\n","protected":false},"excerpt":{"rendered":"<p>Venezia, 2 Sett 2026 &#8211; Il Consiglio regionale del Veneto ha approvato la legge di iniziativa popolare sul fine vita. Dopo Toscana, Sardegna ed Emilia-Romagna,&#8230;<\/p>\n","protected":false},"author":2,"featured_media":275719,"comment_status":"closed","ping_status":"open","sticky":false,"template":"","format":"standard","meta":[],"categories":[49,50],"tags":[],"_links":{"self":[{"href":"https:\/\/www.cronacaonline.it\/index.php\/wp-json\/wp\/v2\/posts\/275718"}],"collection":[{"href":"https:\/\/www.cronacaonline.it\/index.php\/wp-json\/wp\/v2\/posts"}],"about":[{"href":"https:\/\/www.cronacaonline.it\/index.php\/wp-json\/wp\/v2\/types\/post"}],"author":[{"embeddable":true,"href":"https:\/\/www.cronacaonline.it\/index.php\/wp-json\/wp\/v2\/users\/2"}],"replies":[{"embeddable":true,"href":"https:\/\/www.cronacaonline.it\/index.php\/wp-json\/wp\/v2\/comments?post=275718"}],"version-history":[{"count":1,"href":"https:\/\/www.cronacaonline.it\/index.php\/wp-json\/wp\/v2\/posts\/275718\/revisions"}],"predecessor-version":[{"id":275720,"href":"https:\/\/www.cronacaonline.it\/index.php\/wp-json\/wp\/v2\/posts\/275718\/revisions\/275720"}],"wp:featuredmedia":[{"embeddable":true,"href":"https:\/\/www.cronacaonline.it\/index.php\/wp-json\/wp\/v2\/media\/275719"}],"wp:attachment":[{"href":"https:\/\/www.cronacaonline.it\/index.php\/wp-json\/wp\/v2\/media?parent=275718"}],"wp:term":[{"taxonomy":"category","embeddable":true,"href":"https:\/\/www.cronacaonline.it\/index.php\/wp-json\/wp\/v2\/categories?post=275718"},{"taxonomy":"post_tag","embeddable":true,"href":"https:\/\/www.cronacaonline.it\/index.php\/wp-json\/wp\/v2\/tags?post=275718"}],"curies":[{"name":"wp","href":"https:\/\/api.w.org\/{rel}","templated":true}]}}