{"id":275715,"date":"2026-09-02T18:49:43","date_gmt":"2026-09-02T16:49:43","guid":{"rendered":"https:\/\/www.cronacaonline.it\/?p=275715"},"modified":"2026-09-02T18:49:45","modified_gmt":"2026-09-02T16:49:45","slug":"rocce-rosse-blues-venerdi-a-lanusei-og-omaggio-a-fabrizio-de-andre-e-francesco-de-gregori-con-il-concerto-dei-banditi-e-campioni-che-era-stato-rinviato-per-il-maltempo-lo-scorso-2-agosto","status":"publish","type":"post","link":"https:\/\/www.cronacaonline.it\/index.php\/2026\/09\/02\/rocce-rosse-blues-venerdi-a-lanusei-og-omaggio-a-fabrizio-de-andre-e-francesco-de-gregori-con-il-concerto-dei-banditi-e-campioni-che-era-stato-rinviato-per-il-maltempo-lo-scorso-2-agosto\/","title":{"rendered":"Rocce Rosse Blues, venerd\u00ec\u00a0a Lanusei (OG)\u00a0omaggio a Fabrizio De Andr\u00e9 e Francesco De Gregori con il concerto dei Banditi e Campioni che era stato rinviato per il maltempo lo scorso 2 agosto."},"content":{"rendered":"\n<p>Cagliari, 2 Sett 2026 - Doveva essere uno degli appuntamenti di inizio agosto, ma il maltempo aveva costretto\u00a0l\u2019organizzazione\u00a0a rimandarlo.\u00a0Questo venerd\u00ec\u00a0(4 settembre), a poco pi\u00f9 di un mese di distanza, i\u00a0<a rel=\"noreferrer noopener\" href=\"https:\/\/www.roccerosse.it\/concerti\/banditi-e-campioni-pink-floyd-experience\/\" target=\"_blank\">Banditi e Campioni<\/a>\u00a0possono finalmente salire sul palco\u00a0di\u00a0<a rel=\"noreferrer noopener\" href=\"https:\/\/www.sardegnaturismo.it\/it\/esplora\/lanusei\" target=\"_blank\">Lanusei<\/a>\u00a0(OG) per\u00a0<a rel=\"noreferrer noopener\" href=\"https:\/\/www.roccerosse.it\/\" target=\"_blank\">Rocce Rosse Blues<\/a>: alle\u00a021:30, nell'area spettacoli dell'Istituto Salesiano Don Bosco,\u00a0il progetto nato nel 2013 da un'idea di\u00a0Corrado Atzei e Gianmarco Manis\u00a0riunir\u00e0 in una stessa serata le canzoni di\u00a0Fabrizio De Andr\u00e9 e Francesco De Gregori, attraversando due repertori che hanno lasciato un'impronta profonda nella storia della canzone d'autore italiana.\u00a0<\/p>\n\n\n\n<p>Quello dei&nbsp;Banditi e Campioni&nbsp;non nasce come un semplice susseguirsi di successi, ma come un percorso dentro due differenti modi di raccontare attraverso la canzone: da una parte l'universo poetico di Fabrizio De Andr\u00e9, dall'altra la scrittura di Francesco De Gregori; traiettorie autonome, riconoscibili fin dalle prime parole, che hanno attraversato decenni di storia italiana e continuano a trovare ascolto ben oltre le generazioni che le hanno incontrate al momento della loro pubblicazione.&nbsp;<\/p>\n\n\n\n<p>\u00c8 proprio dentro questa persistenza che si muove il progetto ideato da&nbsp;Corrado Atzei e Gianmarco Manis. Il repertorio mette accanto brani entrati stabilmente nella memoria collettiva e altre pagine particolarmente amate dei due cantautori, lasciando emergere, una canzone dopo l'altra, personaggi, luoghi, storie individuali e collettive.&nbsp;<\/p>\n\n\n\n<p>Di&nbsp;Fabrizio De Andr\u00e9&nbsp;arriveranno sul palco di Lanusei note e parole di&nbsp;Cr\u00eauza de m\u00e4,&nbsp;Andrea,&nbsp;Fiume Sand Creek,&nbsp;La canzone di Marinella,&nbsp;Il pescatore,&nbsp;Volta la carta,&nbsp;Quello che non ho&nbsp;e&nbsp;Via del Campo: canzoni appartenenti a momenti differenti del suo percorso, sufficienti da sole a mostrare l'ampiezza di una scrittura capace di muoversi tra racconto, poesia, marginalit\u00e0, guerra, amore e attenzione verso chi rimane ai bordi della storia ufficiale.&nbsp;<\/p>\n\n\n\n<p>Il viaggio dentro il repertorio di&nbsp;Francesco De Gregori&nbsp;passer\u00e0 invece per&nbsp;Titanic,&nbsp;Il bandito e il campione,&nbsp;Pablo,&nbsp;Generale,&nbsp;Rimmel&nbsp;e&nbsp;La donna cannone: anche in questo caso, canzoni nate&nbsp;in stagioni diverse, diventate nel tempo parte di un patrimonio condiviso e ancora capaci di conservare intatta la forza delle immagini e delle storie che contengono.<\/p>\n\n\n\n<p>Due mondi che i&nbsp;Banditi e Campioni&nbsp;mettono uno accanto all'altro senza confonderli, lasciando alle canzoni il compito di costruire il filo della serata. Il titolo stesso del progetto richiama&nbsp;Il bandito e il campione, la canzone resa celebre da De Gregori attraverso la storia di&nbsp;Sante Pollastri e Costante Girardengo, e suggerisce quella vicinanza tra vicende individuali e racconto collettivo che attraversa buona parte del repertorio scelto per il concerto.&nbsp;<\/p>\n\n\n\n<p>Sul palco, insieme a&nbsp;Corrado Atzei, voce e chitarra, e&nbsp;Gianmarco Manis, chitarra, ci saranno&nbsp;Alessio Sanna&nbsp;al pianoforte e alle tastiere,&nbsp;Emanuele La Barbera&nbsp;al basso e&nbsp;Giovanni Collu&nbsp;alla batteria e alle percussioni.&nbsp;<\/p>\n\n\n\n<p>Una formazione essenziale attraverso la quale il gruppo, nato nel&nbsp;2013, torna a misurarsi con canzoni sulle quali il tempo sembra avere inciso meno che altrove. Brani scritti molti anni fa continuano infatti a essere cantati, reinterpretati e riconosciuti dopo poche note, passando da una generazione alla successiva e assumendo inevitabilmente significati nuovi per chi li incontra.&nbsp;<\/p>\n\n\n\n<p>Il recupero del&nbsp;4 settembre&nbsp;restituisce cos\u00ec al programma del Rocce Rosse Blues una serata che il maltempo aveva soltanto rimandato: un appuntamento interamente affidato alla canzone d'autore italiana, dopo un'edizione che nel corso dell'estate ha attraversato blues, rock, folk, jazz, teatro e differenti forme della musica dal vivo.<\/p>\n\n\n\n<p>Il 19 settembre il gran finale con i Nomadi<\/p>\n\n\n\n<p>Dopo&nbsp;Banditi e Campioni, il&nbsp;Rocce Rosse Blues&nbsp;si avvier\u00e0 verso l'ultimo appuntamento della sua trentaseiesima edizione. A suggellare oltre due mesi di musica saranno infatti i&nbsp;<a href=\"https:\/\/www.nomadi.it\/\" target=\"_blank\" rel=\"noreferrer noopener\">Nomadi<\/a>, attesi&nbsp;sabato 19 settembre a&nbsp;<a href=\"https:\/\/www.sardegnaturismo.it\/it\/esplora\/lanusei\" target=\"_blank\" rel=\"noreferrer noopener\">Lanusei<\/a>.&nbsp;<\/p>\n\n\n\n<p>Alla storica formazione emiliana sar\u00e0 affidata la chiusura di un percorso iniziato il&nbsp;5 luglio a Santa Maria Navarrese&nbsp;con&nbsp;<a href=\"https:\/\/www.otrlive.it\/artisti\/i-patagarri\/\" target=\"_blank\" rel=\"noreferrer noopener\">I Patagarri<\/a>&nbsp;e proseguito tra le due sedi del festival con&nbsp;<a href=\"https:\/\/elioelestorietese.it\/\" target=\"_blank\" rel=\"noreferrer noopener\">Elio e le Storie Tese<\/a>,&nbsp;<a href=\"https:\/\/www.roccerosse.it\/concerti\/kevin-sonny-gullage-blues-groovers\/\" target=\"_blank\" rel=\"noreferrer noopener\">Kevin \u201cSonny\u201d Gullage and The Blues Groovers<\/a>,&nbsp;<a href=\"https:\/\/www.facebook.com\/oddbluesband\" target=\"_blank\" rel=\"noreferrer noopener\">Odd Blues Band<\/a>&nbsp;e&nbsp;<a href=\"https:\/\/it.wikipedia.org\/wiki\/Colosseum\" target=\"_blank\" rel=\"noreferrer noopener\">Colosseum<\/a>,&nbsp;<a href=\"https:\/\/www.roccerosse.it\/concerti\/lapola\/\" target=\"_blank\" rel=\"noreferrer noopener\">Lapola<\/a>,&nbsp;<a href=\"https:\/\/www.ramblers.it\/\" target=\"_blank\" rel=\"noreferrer noopener\">Modena City Ramblers<\/a>,&nbsp;<a href=\"https:\/\/www.roccerosse.it\/concerti\/mauro-aresu-bau-bau-orchestra\/\" target=\"_blank\" rel=\"noreferrer noopener\">Mauro Aresu con la Bau Bau Orchestra<\/a>,&nbsp;<a href=\"https:\/\/www.roccerosse.it\/concerti\/stazioni-lunari-2026\/\" target=\"_blank\" rel=\"noreferrer noopener\">Stazioni Lunari<\/a>,&nbsp;<a href=\"https:\/\/www.drfeelgood.org\/\" target=\"_blank\" rel=\"noreferrer noopener\">Dr. Feelgood<\/a>&nbsp;e&nbsp;<a href=\"https:\/\/www.ninebelowzero.com\/\" target=\"_blank\" rel=\"noreferrer noopener\">Nine Below Zero<\/a>,&nbsp;<a href=\"https:\/\/www.bandabardo.it\/\" target=\"_blank\" rel=\"noreferrer noopener\">Bandabard\u00f2<\/a>&nbsp;e&nbsp;<a href=\"https:\/\/www.roccerosse.it\/concerti\/the-floyd-experience-omaggio-ai-pink-floyd\/\" target=\"_blank\" rel=\"noreferrer noopener\">The Floyd Experience<\/a>, fino al recupero del 4 settembre.&nbsp;<\/p>\n\n\n\n<p>Quella dei&nbsp;Nomadi&nbsp;sar\u00e0 dunque l'ultima tappa di un cartellone che ancora una volta ha attraversato generazioni e linguaggi differenti, mantenendo&nbsp;Lanusei&nbsp;e&nbsp;<a href=\"https:\/\/www.sardegnaturismo.it\/it\/luoghi\/est\/santa-maria-navarrese\" target=\"_blank\" rel=\"noreferrer noopener\">Santa Maria Navarrese<\/a>&nbsp;come i due poli di un festival che dal 5 luglio al 19 settembre ha accompagnato una parte consistente dell'estate musicale ogliastrina. Com<\/p>\n","protected":false},"excerpt":{"rendered":"<p>Cagliari, 2 Sett 2026 &#8211; Doveva essere uno degli appuntamenti di inizio agosto, ma il maltempo aveva costretto\u00a0l\u2019organizzazione\u00a0a rimandarlo.\u00a0Questo venerd\u00ec\u00a0(4 settembre), a poco pi\u00f9 di&#8230;<\/p>\n","protected":false},"author":2,"featured_media":275716,"comment_status":"closed","ping_status":"open","sticky":false,"template":"","format":"standard","meta":[],"categories":[49,54],"tags":[],"_links":{"self":[{"href":"https:\/\/www.cronacaonline.it\/index.php\/wp-json\/wp\/v2\/posts\/275715"}],"collection":[{"href":"https:\/\/www.cronacaonline.it\/index.php\/wp-json\/wp\/v2\/posts"}],"about":[{"href":"https:\/\/www.cronacaonline.it\/index.php\/wp-json\/wp\/v2\/types\/post"}],"author":[{"embeddable":true,"href":"https:\/\/www.cronacaonline.it\/index.php\/wp-json\/wp\/v2\/users\/2"}],"replies":[{"embeddable":true,"href":"https:\/\/www.cronacaonline.it\/index.php\/wp-json\/wp\/v2\/comments?post=275715"}],"version-history":[{"count":1,"href":"https:\/\/www.cronacaonline.it\/index.php\/wp-json\/wp\/v2\/posts\/275715\/revisions"}],"predecessor-version":[{"id":275717,"href":"https:\/\/www.cronacaonline.it\/index.php\/wp-json\/wp\/v2\/posts\/275715\/revisions\/275717"}],"wp:featuredmedia":[{"embeddable":true,"href":"https:\/\/www.cronacaonline.it\/index.php\/wp-json\/wp\/v2\/media\/275716"}],"wp:attachment":[{"href":"https:\/\/www.cronacaonline.it\/index.php\/wp-json\/wp\/v2\/media?parent=275715"}],"wp:term":[{"taxonomy":"category","embeddable":true,"href":"https:\/\/www.cronacaonline.it\/index.php\/wp-json\/wp\/v2\/categories?post=275715"},{"taxonomy":"post_tag","embeddable":true,"href":"https:\/\/www.cronacaonline.it\/index.php\/wp-json\/wp\/v2\/tags?post=275715"}],"curies":[{"name":"wp","href":"https:\/\/api.w.org\/{rel}","templated":true}]}}