{"id":275703,"date":"2026-09-02T14:31:16","date_gmt":"2026-09-02T12:31:16","guid":{"rendered":"https:\/\/www.cronacaonline.it\/?p=275703"},"modified":"2026-09-02T14:31:21","modified_gmt":"2026-09-02T12:31:21","slug":"ex-bekaert-macchiareddu-al-via-il-piano-di-rilancio-con-nuova-icom-lassessore-cani-decisivo-limpegno-della-regione-per-favorire-la-reindustrializzazione-e-la-salvaguardia","status":"publish","type":"post","link":"https:\/\/www.cronacaonline.it\/index.php\/2026\/09\/02\/ex-bekaert-macchiareddu-al-via-il-piano-di-rilancio-con-nuova-icom-lassessore-cani-decisivo-limpegno-della-regione-per-favorire-la-reindustrializzazione-e-la-salvaguardia\/","title":{"rendered":"Ex Bekaert Macchiareddu, al via il piano di rilancio con Nuova Icom. L\u2019assessore Cani: \u201cDecisivo l\u2019impegno della regione per favorire la reindustrializzazione e la salvaguardia dei posti di lavoro\u201d."},"content":{"rendered":"\n<p>Cagliari, 2 Sett 2026\u00a0-\u00a0\u201cL\u2019esito del tavolo odierno al Mimit \u00e8 la dimostrazione che la Sardegna possiede il tessuto imprenditoriale e le infrastrutture necessarie per attrarre investimenti e trovare soluzioni alle crisi industriali. Un risultato reso possibile grazie all\u2019intenso e proficuo lavoro portato avanti in questi mesi dalla Presidente Alessandra Todde e dagli assessorati dell\u2019Industria e del Lavoro, in sinergia con il Ministero delle Imprese, che ha condotto al subentro di una realt\u00e0 solida come Nuova Icom per la trasformazione di uno stabilimento a rischio di dismissione in un polo industriale rinnovato, salvaguardando asset industriali strategici per l\u2019Isola\u201d. Lo ha detto l\u2019assessore dell\u2019Industria Emanuele Cani a conclusione del tavolo istituzionale tenuto oggi al Ministero delle Imprese e del Made in Italy e decisivo per il futuro dello stabilimento ex Bekaert di Macchiareddu.<\/p>\n\n\n\n<p>Il piano di sviluppo industriale, presentato nel corso dell\u2019incontro, prevede l\u2019acquisizione del polo produttivo da parte dell\u2019azienda sarda Nuova Icom, specializzata nell\u2019impiantistica industriale. L\u2019operazione non solo eviter\u00e0 i licenziamenti, con la reintegrazione di tutti i 150 lavoratori ex Bekaert precedentemente a rischio, ma generer\u00e0 un incremento della forza lavoro sul territorio, con l\u2019introduzione nel piano industriale di Nuova Icom di 55 ulteriori assunzioni immediate, per un totale di 205 posti di lavoro stabili.<\/p>\n\n\n\n<p>\"La vertenza ex Bekaert non rappresenta solo la risoluzione di una crisi locale, ma una grande operazione di riscatto industriale per l'intero Paese. Con il subentro di Nuova Icom, un'azienda in fortissima crescita che arriver\u00e0 a occupare oltre 1.200 persone ed \u00e8 gi\u00e0 protagonista nei mercati internazionali e nei grandi progetti di ingegneria energetica come i gasdotti del Nord Europa, passiamo dalla dismissione di una multinazionale estera al rilancio guidato da una solida realt\u00e0 nazionale\u201d, ha sottolineato l\u2019assessore Cani nel suo intervento. \u201cPer questo - ha concluso - chiediamo al Governo di fare la propria parte per riconoscere Nuova Icom nella sua piena dimensione nazionale e supportarla nell\u2019agevolare l'acquisizione di nuove maxi-commesse ad alta tecnologia e garantire lo sviluppo occupazionale del territorio.\"<\/p>\n\n\n\n<p>Il cronoprogramma per il rilancio industriale \u00e8 gi\u00e0 operativo. I prossimi passaggi burocratici e sindacali saranno formalizzati nelle prossime settimane per giungere alla transizione definitiva delle attivit\u00e0 produttive. Red<\/p>\n","protected":false},"excerpt":{"rendered":"<p>Cagliari, 2 Sett 2026\u00a0&#8211;\u00a0\u201cL\u2019esito del tavolo odierno al Mimit \u00e8 la dimostrazione che la Sardegna possiede il tessuto imprenditoriale e le infrastrutture necessarie per attrarre&#8230;<\/p>\n","protected":false},"author":2,"featured_media":275705,"comment_status":"closed","ping_status":"open","sticky":false,"template":"","format":"standard","meta":[],"categories":[49,52],"tags":[],"_links":{"self":[{"href":"https:\/\/www.cronacaonline.it\/index.php\/wp-json\/wp\/v2\/posts\/275703"}],"collection":[{"href":"https:\/\/www.cronacaonline.it\/index.php\/wp-json\/wp\/v2\/posts"}],"about":[{"href":"https:\/\/www.cronacaonline.it\/index.php\/wp-json\/wp\/v2\/types\/post"}],"author":[{"embeddable":true,"href":"https:\/\/www.cronacaonline.it\/index.php\/wp-json\/wp\/v2\/users\/2"}],"replies":[{"embeddable":true,"href":"https:\/\/www.cronacaonline.it\/index.php\/wp-json\/wp\/v2\/comments?post=275703"}],"version-history":[{"count":1,"href":"https:\/\/www.cronacaonline.it\/index.php\/wp-json\/wp\/v2\/posts\/275703\/revisions"}],"predecessor-version":[{"id":275706,"href":"https:\/\/www.cronacaonline.it\/index.php\/wp-json\/wp\/v2\/posts\/275703\/revisions\/275706"}],"wp:featuredmedia":[{"embeddable":true,"href":"https:\/\/www.cronacaonline.it\/index.php\/wp-json\/wp\/v2\/media\/275705"}],"wp:attachment":[{"href":"https:\/\/www.cronacaonline.it\/index.php\/wp-json\/wp\/v2\/media?parent=275703"}],"wp:term":[{"taxonomy":"category","embeddable":true,"href":"https:\/\/www.cronacaonline.it\/index.php\/wp-json\/wp\/v2\/categories?post=275703"},{"taxonomy":"post_tag","embeddable":true,"href":"https:\/\/www.cronacaonline.it\/index.php\/wp-json\/wp\/v2\/tags?post=275703"}],"curies":[{"name":"wp","href":"https:\/\/api.w.org\/{rel}","templated":true}]}}