{"id":275701,"date":"2026-09-02T12:34:23","date_gmt":"2026-09-02T10:34:23","guid":{"rendered":"https:\/\/www.cronacaonline.it\/?p=275701"},"modified":"2026-09-02T12:34:25","modified_gmt":"2026-09-02T10:34:25","slug":"le-delibere-adottate-oggi-2-settembre-26-dalla-giunta-regionale-della-sardegna","status":"publish","type":"post","link":"https:\/\/www.cronacaonline.it\/index.php\/2026\/09\/02\/le-delibere-adottate-oggi-2-settembre-26-dalla-giunta-regionale-della-sardegna\/","title":{"rendered":"Le delibere adottate oggi, 2 Settembre \u201926 dalla Giunta regionale della Sardegna. \u00a0"},"content":{"rendered":"\n<p>Cagliari, 2 Sett 2026 - Di seguito le principali delibere adottate dalla Giunta Todde nella riunione di oggi.\u00a0<\/p>\n\n\n\n<p>Ambiente - La Giunta regionale, su proposta dell\u2019assessora della Difesa dell\u2019Ambiente, Rosanna Laconi, ha approvato l\u2019adozione del Piano del Parco naturale regionale di Gutturu Mannu. Il Parco, istituito con la legge regionale del 24 ottobre 2014, n. 20, si estende su una superficie complessiva pari a 18.029,36 ettari, nei territori dei comuni di Assemini, Capoterra, Domus de Maria, Pula, Santadi, Sarroch, Siliqua, Teulada, Uta e Villa San Pietro.&nbsp;<\/p>\n\n\n\n<p>Pubblica Istruzione - Su proposta dell\u2019assessora della Pubblica Istruzione, Beni culturali, Informazione, Spettacolo e Sport, Ilaria Portas, la Giunta ha preso atto delle relazioni annuali per l'anno 2025 sull'attivit\u00e0 didattica delle Universit\u00e0 degli Studi di Cagliari e di Sassari. La delibera garantisce la prosecuzione del percorso di studio ai dieci studenti provenienti da Gaza (5 dell'Ateneo di Cagliari e 5 dell'Ateneo di Sassari) attraverso borse di studio del valore di 12 mila euro a valere sul contributo regionale 2026 relativo al Fondo Globale \u201cInterventi regionali per l'Universit\u00e0\u201d.&nbsp;<\/p>\n\n\n\n<p>Sanit\u00e0 - La Giunta ha approvato la programmazione per la non autosufficienza, con 94,6 milioni dal Fondo nazionale 2025-2027 e 147,3 milioni di cofinanziamento regionale, per oltre 241 milioni complessivi. Le risorse sostengono anziani e persone con disabilit\u00e0 non autosufficienti e garantiscono la continuit\u00e0 di Ritornare a casa Plus. Nel triennio, 68,46 milioni sono destinati agli anziani e 18,61 milioni alle persone con disabilit\u00e0. Previsti inoltre il rafforzamento dei PUA e delle UVT e il finanziamento dei progetti di Vita indipendente. La programmazione punta su domiciliarit\u00e0, valutazione multidimensionale e progetti assistenziali personalizzati, in un sistema che coinvolge oltre 50 mila persone.&nbsp;<\/p>\n\n\n\n<p>La Giunta approva la prima programmazione regionale delle strutture integrate per anziani non autosufficienti, persone con disabilit\u00e0 e minori, sulla base dei fabbisogni territoriali e dei dati SIWE. Sono 251 le strutture autorizzate: 233 per anziani, 10 per persone con disabilit\u00e0 e per il \u201cDopo di noi\u201d e 8 per minori. Dal 1\u00b0 gennaio 2027 le nuove aperture saranno subordinate a un parere preventivo di compatibilit\u00e0 con la programmazione regionale e con i fabbisogni delle macroaree. Fino a quella data vengono sospesi i procedimenti per nuove strutture e ampliamenti, salvaguardando gli investimenti gi\u00e0 concretamente avviati. La programmazione, basata sui dati demografici e sulla capacit\u00e0 ricettiva esistente, potr\u00e0 essere aggiornata entro un anno.<\/p>\n\n\n\n<p>La Giunta regionale ha approvato con due delibere i Piani triennali del fabbisogno di personale 2026-2028 dell\u2019Aou di Cagliari e della Asl Ogliastra, dopo l\u2019istruttoria del Tavolo tecnico regionale sulla spesa e sui fabbisogni di personale. Per l\u2019Aou di Cagliari il Piano tiene conto delle criticit\u00e0 della dirigenza sanitaria e del comparto e dei fabbisogni legati al potenziamento del San Giovanni di Dio e del Policlinico di Monserrato. Per la Asl Ogliastra le priorit\u00e0 riguardano l\u2019incremento dell\u2019organico medico, il rafforzamento di infermieri e tecnici di radiologia e il potenziamento dei servizi territoriali e distrettuali. Entrambe le delibere recepiscono inoltre l\u2019orientamento della Corte costituzionale secondo cui i limiti statali alla spesa di personale non sono applicabili al Ssr sardo. Com<\/p>\n","protected":false},"excerpt":{"rendered":"<p>Cagliari, 2 Sett 2026 &#8211; Di seguito le principali delibere adottate dalla Giunta Todde nella riunione di oggi.\u00a0 Ambiente &#8211; La Giunta regionale, su proposta&#8230;<\/p>\n","protected":false},"author":2,"featured_media":247415,"comment_status":"closed","ping_status":"open","sticky":false,"template":"","format":"standard","meta":[],"categories":[49,52],"tags":[],"_links":{"self":[{"href":"https:\/\/www.cronacaonline.it\/index.php\/wp-json\/wp\/v2\/posts\/275701"}],"collection":[{"href":"https:\/\/www.cronacaonline.it\/index.php\/wp-json\/wp\/v2\/posts"}],"about":[{"href":"https:\/\/www.cronacaonline.it\/index.php\/wp-json\/wp\/v2\/types\/post"}],"author":[{"embeddable":true,"href":"https:\/\/www.cronacaonline.it\/index.php\/wp-json\/wp\/v2\/users\/2"}],"replies":[{"embeddable":true,"href":"https:\/\/www.cronacaonline.it\/index.php\/wp-json\/wp\/v2\/comments?post=275701"}],"version-history":[{"count":1,"href":"https:\/\/www.cronacaonline.it\/index.php\/wp-json\/wp\/v2\/posts\/275701\/revisions"}],"predecessor-version":[{"id":275702,"href":"https:\/\/www.cronacaonline.it\/index.php\/wp-json\/wp\/v2\/posts\/275701\/revisions\/275702"}],"wp:featuredmedia":[{"embeddable":true,"href":"https:\/\/www.cronacaonline.it\/index.php\/wp-json\/wp\/v2\/media\/247415"}],"wp:attachment":[{"href":"https:\/\/www.cronacaonline.it\/index.php\/wp-json\/wp\/v2\/media?parent=275701"}],"wp:term":[{"taxonomy":"category","embeddable":true,"href":"https:\/\/www.cronacaonline.it\/index.php\/wp-json\/wp\/v2\/categories?post=275701"},{"taxonomy":"post_tag","embeddable":true,"href":"https:\/\/www.cronacaonline.it\/index.php\/wp-json\/wp\/v2\/tags?post=275701"}],"curies":[{"name":"wp","href":"https:\/\/api.w.org\/{rel}","templated":true}]}}