{"id":275680,"date":"2026-09-01T14:56:33","date_gmt":"2026-09-01T12:56:33","guid":{"rendered":"https:\/\/www.cronacaonline.it\/?p=275680"},"modified":"2026-09-01T14:56:36","modified_gmt":"2026-09-01T12:56:36","slug":"turismo-capodanno-in-sardegna-2026-la-regione-punta-sul-grande-evento-nazionale-alghero-sede-principale-delle-manifestazioni","status":"publish","type":"post","link":"https:\/\/www.cronacaonline.it\/index.php\/2026\/09\/01\/turismo-capodanno-in-sardegna-2026-la-regione-punta-sul-grande-evento-nazionale-alghero-sede-principale-delle-manifestazioni\/","title":{"rendered":"Turismo: Capodanno in Sardegna 2026, la Regione punta sul grande evento nazionale, Alghero sede principale delle manifestazioni."},"content":{"rendered":"\n<p>Cagliari, 1 Sett 2026 -\u00a0La Regione Sardegna prosegue il percorso di destagionalizzazione e di promozione dell\u2019Isola come destinazione turistica attrattiva durante tutto l\u2019anno. Dopo il successo delle precedenti edizioni, anche per il 2026 l\u2019Assessorato del Turismo, Artigianato e Commercio, a valere sulle risorse della Legge regionale n. 7\/1955, sosterr\u00e0 l\u2019organizzazione dei grandi eventi di Capodanno promossi dai Comuni della Sardegna.<\/p>\n\n\n\n<p>Come gi\u00e0 avvenuto negli anni precedenti, i Comuni dell\u2019Isola potranno presentare domanda per la concessione dei contributi destinati all\u2019organizzazione degli eventi di Capodanno 2026. Le manifestazioni rappresentano ormai un vero e proprio prodotto turistico unitario di particolare rilievo, in grado di sostenere la filiera dell\u2019accoglienza e dei servizi e rafforzare il posizionamento della Sardegna quale destinazione capace di attrarre visitatori lungo l\u2019intero arco dell\u2019anno.<\/p>\n\n\n\n<p>Per il 2026 si introduce una novit\u00e0 di particolare rilievo: la realizzazione del progetto unitario \u201cNotte di San Silvestro 2026\/Capodanno in Sardegna\u201d, concepito come un grande evento regionale con un cuore centrale e un sistema di collegamenti in diretta con le principali piazze dell\u2019Isola. L\u2019obiettivo \u00e8 portare il Capodanno sardo su una ribalta nazionale, attraverso una trasmissione televisiva in diretta in prima serata, capace di raccontare e valorizzare contemporaneamente la dimensione spettacolare degli eventi e la ricchezza dei territori coinvolti.<\/p>\n\n\n\n<p>\u201cIl Capodanno \u00e8 uno degli eventi fondamentali sui quali pensare di investire per raggiungere gli obiettivi che ci siamo posti, che sono quelli della destagionalizzazione e della delocalizzazione. Obiettivi strategici complessi da perseguire, ma che non possono non tener conto del periodo di vacanze nel quale c'\u00e8 una maggior propensione alla spesa. Molti comuni da anni, alcuni da 30 anni, alcuni da 20 anni, alcuni pi\u00f9 recentemente, investono molto sul Capodanno proprio per far percepire le loro citt\u00e0, e noi lo facciamo per far percepire la Sardegna, come un'Isola in grado di attrarre flussi turistici anche nel periodo invernale. Sappiamo che la sfida \u00e8 molto complessa e per questo vogliamo rilanciare\u201d. Lo ha sottolineato l\u2019assessore Franco Cuccureddu che aggiunge: \u201cQuest'anno c'\u00e8 un importante upgrade, abbiamo individuato una serie di Comuni che possono proporre un format, si aprir\u00e0 un bando alle principali televisioni generaliste italiane, quelle dei primi nove canali del digitale, per creare un format in cui una piazza centrale, Alghero, che \u00e8 stata individuata perch\u00e9 \u00e8 stata la prima a proporre il Capodanno in Sardegna, si collegher\u00e0 con le altre piazze e quindi il nostro Capodanno, il Capodanno in Sardegna, verr\u00e0 trasmesso da una delle televisioni chi si aggiudicher\u00e0 questo format e quindi avremo la possibilit\u00e0 di raggiungere un pubblico di diversi milioni di telespettatori, un upgrade importante, ma che consolida la leadership che la Sardegna gi\u00e0 in termini di quantit\u00e0 e qualit\u00e0 artistica degli eventi.\u201d<\/p>\n\n\n\n<p>Con la deliberazione della Giunta regionale n. 41\/32 del 7 agosto 2026 \u00e8 stata individuata Alghero quale sede principale dell\u2019evento, in considerazione del ruolo storico che la citt\u00e0 riveste nel panorama delle manifestazioni di Capodanno in Sardegna. Alghero si appresta infatti a celebrare la XXXI edizione del suo Capodanno, confermandosi protagonista di un percorso che ha visto la citt\u00e0, prima fra le amministrazioni comunali dell\u2019Isola a promuovere e consolidare il format del grande concerto di fine anno quale strumento di attrazione turistica e di destagionalizzazione dei flussi.<\/p>\n\n\n\n<p>L\u2019accordo tra la Regione Sardegna e il Comune di Alghero formalizza l\u2019assegnazione di 3 milioni di euro destinati alla realizzazione dell\u2019evento. Il Comune di Alghero sar\u00e0 il soggetto attuatore, con il compito di curare e coordinare gli aspetti logistici, artistici e promozionali del grande evento di fine anno, in raccordo con la Regione e nel quadro dell\u2019impostazione unitaria del Capodanno in Sardegna.<\/p>\n\n\n\n<p>Il progetto \u201cCapodanno in Sardegna 2026\u201d non si limiter\u00e0 tuttavia alla piazza principale. La trasmissione dovr\u00e0 prevedere collegamenti in diretta con gli eventi organizzati nelle altre citt\u00e0 dell\u2019Isola ammesse al Cartellone Capodanno 2026 (con capienza di almeno 10.000 persone), creando una vera e propria rete regionale capace di portare le immagini della Sardegna, attraverso le sue piazze, nelle case di milioni di telespettatori.<\/p>\n\n\n\n<p>\u201cLa crescita -davvero importante nell\u2019ultimo biennio- dei flussi turistici, al di fuori dei tradizionali mesi estivi - afferma l\u2019assessore Franco Cuccureddu - con un incremento del 40% nella media stagione (aprile, maggio, settembre ed ottobre) e di oltre il 32% nei mesi invernali (da novembre a marzo), ci induce a puntare con sempre maggior forza sulla strategia, certamente assai sfidante, di far percepire la Sardegna come una destinazione turistica fruibile ed attrattiva in tutti i periodi dell\u2019anno\u201d.<\/p>\n\n\n\n<p>Alghero sar\u00e0 la piazza centrale, alla quale l\u2019Assessorato del Turismo offrir\u00e0 lo spettacolo e una straordinaria visibilit\u00e0 nazionale, in un\u2019ottica di rotazione che, qualora l\u2019esperimento dovesse avere successo, potr\u00e0 consentire negli anni di valorizzare anche altre citt\u00e0 dell\u2019Isola. Mostrare a milioni di telespettatori la capacit\u00e0 attrattiva e organizzativa della Sardegna, facendola conoscere anche come destinazione per soggiorni invernali, \u00e8 dunque uno degli obiettivi centrali della nostra strategia di destagionalizzazione dei flussi turistici, che comprende anche misure strutturali come la defiscalizzazione della tassa sugli imbarchi aerei nella stagione winter, recentemente approvata dal Consiglio regionale\u201d. Com<\/p>\n","protected":false},"excerpt":{"rendered":"<p>Cagliari, 1 Sett 2026 &#8211;\u00a0La Regione Sardegna prosegue il percorso di destagionalizzazione e di promozione dell\u2019Isola come destinazione turistica attrattiva durante tutto l\u2019anno. Dopo il&#8230;<\/p>\n","protected":false},"author":2,"featured_media":275681,"comment_status":"closed","ping_status":"open","sticky":false,"template":"","format":"standard","meta":[],"categories":[49,52],"tags":[],"_links":{"self":[{"href":"https:\/\/www.cronacaonline.it\/index.php\/wp-json\/wp\/v2\/posts\/275680"}],"collection":[{"href":"https:\/\/www.cronacaonline.it\/index.php\/wp-json\/wp\/v2\/posts"}],"about":[{"href":"https:\/\/www.cronacaonline.it\/index.php\/wp-json\/wp\/v2\/types\/post"}],"author":[{"embeddable":true,"href":"https:\/\/www.cronacaonline.it\/index.php\/wp-json\/wp\/v2\/users\/2"}],"replies":[{"embeddable":true,"href":"https:\/\/www.cronacaonline.it\/index.php\/wp-json\/wp\/v2\/comments?post=275680"}],"version-history":[{"count":1,"href":"https:\/\/www.cronacaonline.it\/index.php\/wp-json\/wp\/v2\/posts\/275680\/revisions"}],"predecessor-version":[{"id":275682,"href":"https:\/\/www.cronacaonline.it\/index.php\/wp-json\/wp\/v2\/posts\/275680\/revisions\/275682"}],"wp:featuredmedia":[{"embeddable":true,"href":"https:\/\/www.cronacaonline.it\/index.php\/wp-json\/wp\/v2\/media\/275681"}],"wp:attachment":[{"href":"https:\/\/www.cronacaonline.it\/index.php\/wp-json\/wp\/v2\/media?parent=275680"}],"wp:term":[{"taxonomy":"category","embeddable":true,"href":"https:\/\/www.cronacaonline.it\/index.php\/wp-json\/wp\/v2\/categories?post=275680"},{"taxonomy":"post_tag","embeddable":true,"href":"https:\/\/www.cronacaonline.it\/index.php\/wp-json\/wp\/v2\/tags?post=275680"}],"curies":[{"name":"wp","href":"https:\/\/api.w.org\/{rel}","templated":true}]}}