{"id":275672,"date":"2026-09-01T12:41:26","date_gmt":"2026-09-01T10:41:26","guid":{"rendered":"https:\/\/www.cronacaonline.it\/?p=275672"},"modified":"2026-09-01T12:41:29","modified_gmt":"2026-09-01T10:41:29","slug":"violazione-del-divieto-di-avvicinamento-arrestato-un-42enne-a-buggerru","status":"publish","type":"post","link":"https:\/\/www.cronacaonline.it\/index.php\/2026\/09\/01\/violazione-del-divieto-di-avvicinamento-arrestato-un-42enne-a-buggerru\/","title":{"rendered":"Violazione del divieto di avvicinamento: arrestato un 42enne a Buggerru."},"content":{"rendered":"\n<p>Buggerru (Ci), 1 Sett 2026 \u2013 Si \u00e8 conclusa con la convalida dell'arresto e la concessione dei termini a difesa l'udienza con rito direttissimo nei confronti di un 42enne, gi\u00e0 noto alle Forze di Polizia, arrestato nel corso della notte dai Carabinieri dell\u2019Aliquota Radiomobile del Norm della Compagnia di Iglesias.<\/p>\n\n\n\n<p>L'intervento \u00e8 scattato a seguito di una richiesta d'aiuto giunta sul numero di emergenza unico 112. Giunti tempestivamente sul posto, nel rispetto dei diritti delle persone coinvolte e della presunzione di innocenza, per quanto risulta allo stato e salvo ulteriori approfondimenti, stante la fase attuale delle indagini preliminari, i militari hanno accertato che l'uomo, in palese violazione della misura cautelare del divieto di avvicinamento ai luoghi frequentati dalla persona offesa a cui era sottoposto, si era volontariamente ed arbitrariamente avvicinato alla stessa.<\/p>\n\n\n\n<p>Ricostruita la vicenda i Carabinieri hanno immediatamente bloccato l\u2019uomo e lo hanno condotto in caserma per le formalit\u00e0 di rito, terminate le quali \u00e8 stato trattenuto in arresto fino alla mattinata successiva, quando \u00e8 stato presentato davanti al giudice per lo svolgimento del rito direttissimo.<\/p>\n\n\n\n<p>L\u2019intervento rientra nel quadro dei costanti servizi di controllo del territorio svolti dall\u2019Arma dei Carabinieri per garantire il rispetto dei provvedimenti dell\u2019Autorit\u00e0 Giudiziaria e assicurare un\u2019efficace attivit\u00e0 a tutela delle vittime.<\/p>\n","protected":false},"excerpt":{"rendered":"<p>Buggerru (Ci), 1 Sett 2026 \u2013 Si \u00e8 conclusa con la convalida dell&#8217;arresto e la concessione dei termini a difesa l&#8217;udienza con rito direttissimo nei&#8230;<\/p>\n","protected":false},"author":2,"featured_media":257111,"comment_status":"closed","ping_status":"open","sticky":false,"template":"","format":"standard","meta":[],"categories":[49,55],"tags":[],"_links":{"self":[{"href":"https:\/\/www.cronacaonline.it\/index.php\/wp-json\/wp\/v2\/posts\/275672"}],"collection":[{"href":"https:\/\/www.cronacaonline.it\/index.php\/wp-json\/wp\/v2\/posts"}],"about":[{"href":"https:\/\/www.cronacaonline.it\/index.php\/wp-json\/wp\/v2\/types\/post"}],"author":[{"embeddable":true,"href":"https:\/\/www.cronacaonline.it\/index.php\/wp-json\/wp\/v2\/users\/2"}],"replies":[{"embeddable":true,"href":"https:\/\/www.cronacaonline.it\/index.php\/wp-json\/wp\/v2\/comments?post=275672"}],"version-history":[{"count":1,"href":"https:\/\/www.cronacaonline.it\/index.php\/wp-json\/wp\/v2\/posts\/275672\/revisions"}],"predecessor-version":[{"id":275673,"href":"https:\/\/www.cronacaonline.it\/index.php\/wp-json\/wp\/v2\/posts\/275672\/revisions\/275673"}],"wp:featuredmedia":[{"embeddable":true,"href":"https:\/\/www.cronacaonline.it\/index.php\/wp-json\/wp\/v2\/media\/257111"}],"wp:attachment":[{"href":"https:\/\/www.cronacaonline.it\/index.php\/wp-json\/wp\/v2\/media?parent=275672"}],"wp:term":[{"taxonomy":"category","embeddable":true,"href":"https:\/\/www.cronacaonline.it\/index.php\/wp-json\/wp\/v2\/categories?post=275672"},{"taxonomy":"post_tag","embeddable":true,"href":"https:\/\/www.cronacaonline.it\/index.php\/wp-json\/wp\/v2\/tags?post=275672"}],"curies":[{"name":"wp","href":"https:\/\/api.w.org\/{rel}","templated":true}]}}