{"id":275657,"date":"2026-08-31T13:08:04","date_gmt":"2026-08-31T11:08:04","guid":{"rendered":"https:\/\/www.cronacaonline.it\/?p=275657"},"modified":"2026-08-31T13:08:05","modified_gmt":"2026-08-31T11:08:05","slug":"spopolamento-il-gruppo-pd-le-risposte-sono-in-campo-istruzione-gratuita-da-zero-a-ventiquattro-anni-e-investimenti-veri-nelle-zone-interne","status":"publish","type":"post","link":"https:\/\/www.cronacaonline.it\/index.php\/2026\/08\/31\/spopolamento-il-gruppo-pd-le-risposte-sono-in-campo-istruzione-gratuita-da-zero-a-ventiquattro-anni-e-investimenti-veri-nelle-zone-interne\/","title":{"rendered":"Spopolamento, il Gruppo PD: \u00abLe risposte sono in campo: istruzione gratuita da zero a ventiquattro anni e investimenti veri nelle zone interne\u00bb."},"content":{"rendered":"\n<p>Cagliari, 31 Ago 2026 - I dati pubblicati oggi sulla popolazione dei comuni sardi fotografano un\u2019isola divisa: crescono la Gallura e la cintura di Cagliari, mentre Nuoro, Iglesias e Carbonia hanno perso in tredici anni circa un abitante su dieci e anche i capoluoghi maggiori arretrano. A pagare di pi\u00f9 sono i giovani: due terzi dei residenti persi dalla Sardegna in dieci anni hanno meno di venticinque anni.<\/p>\n\n\n\n<p>Il Gruppo PD in Consiglio regionale ricorda che le prime risposte strutturali sono state approvate con la manovra di agosto e portano la firma del programma \u00ab0-24\u00bb: la gratuit\u00e0 totale degli asili nido dal 2027\/28 (40 milioni), l\u2019abbattimento delle tasse universitarie (39 milioni nel triennio) e oltre 81 milioni per borse di studio e alloggi degli ERSU di Cagliari e Sassari. Un percorso di istruzione gratuita dal nido alla laurea, per trattenere i giovani sardi e attrarre chi sceglie l\u2019isola per studiare. Per le zone interne la candidatura di Sos Enattos all\u2019Einstein Telescope, con 1,3 miliardi gi\u00e0 impegnati da Stato e Regione, il cantiere del laboratorio ET-SUnLab avviato e gli incentivi alle imprese gi\u00e0 aperti, \u00e8 la leva per portare nel Nuorese lavoro qualificato e futuro.<\/p>\n\n\n\n<p>\u00abLo spopolamento si combatte con scelte concrete: un percorso gratuito dal nido alla laurea e investimenti veri nel cuore dell\u2019isola. Con la manovra di agosto le risorse ci sono; ora la priorit\u00e0 \u00e8 attuarle in fretta, perch\u00e9 ogni anno perso si misura persone che decidono di vivere fuori dall\u2019Isola e in famiglie che non hanno gli strumenti e le risorse per crescere\u00bb, conclude il capogruppo Roberto Deriu. Com<\/p>\n","protected":false},"excerpt":{"rendered":"<p>Cagliari, 31 Ago 2026 &#8211; I dati pubblicati oggi sulla popolazione dei comuni sardi fotografano un\u2019isola divisa: crescono la Gallura e la cintura di Cagliari,&#8230;<\/p>\n","protected":false},"author":2,"featured_media":7831,"comment_status":"closed","ping_status":"open","sticky":false,"template":"","format":"standard","meta":[],"categories":[49,52],"tags":[],"_links":{"self":[{"href":"https:\/\/www.cronacaonline.it\/index.php\/wp-json\/wp\/v2\/posts\/275657"}],"collection":[{"href":"https:\/\/www.cronacaonline.it\/index.php\/wp-json\/wp\/v2\/posts"}],"about":[{"href":"https:\/\/www.cronacaonline.it\/index.php\/wp-json\/wp\/v2\/types\/post"}],"author":[{"embeddable":true,"href":"https:\/\/www.cronacaonline.it\/index.php\/wp-json\/wp\/v2\/users\/2"}],"replies":[{"embeddable":true,"href":"https:\/\/www.cronacaonline.it\/index.php\/wp-json\/wp\/v2\/comments?post=275657"}],"version-history":[{"count":1,"href":"https:\/\/www.cronacaonline.it\/index.php\/wp-json\/wp\/v2\/posts\/275657\/revisions"}],"predecessor-version":[{"id":275658,"href":"https:\/\/www.cronacaonline.it\/index.php\/wp-json\/wp\/v2\/posts\/275657\/revisions\/275658"}],"wp:featuredmedia":[{"embeddable":true,"href":"https:\/\/www.cronacaonline.it\/index.php\/wp-json\/wp\/v2\/media\/7831"}],"wp:attachment":[{"href":"https:\/\/www.cronacaonline.it\/index.php\/wp-json\/wp\/v2\/media?parent=275657"}],"wp:term":[{"taxonomy":"category","embeddable":true,"href":"https:\/\/www.cronacaonline.it\/index.php\/wp-json\/wp\/v2\/categories?post=275657"},{"taxonomy":"post_tag","embeddable":true,"href":"https:\/\/www.cronacaonline.it\/index.php\/wp-json\/wp\/v2\/tags?post=275657"}],"curies":[{"name":"wp","href":"https:\/\/api.w.org\/{rel}","templated":true}]}}