{"id":275654,"date":"2026-08-31T08:18:44","date_gmt":"2026-08-31T06:18:44","guid":{"rendered":"https:\/\/www.cronacaonline.it\/?p=275654"},"modified":"2026-08-31T08:18:45","modified_gmt":"2026-08-31T06:18:45","slug":"sorpreso-nei-pressi-di-un-locale-del-litorale-nonostante-i-domiciliari-44enne-arrestato-dai-carabinieri-della-compagnia-di-quartu-santelena-per-evasione","status":"publish","type":"post","link":"https:\/\/www.cronacaonline.it\/index.php\/2026\/08\/31\/sorpreso-nei-pressi-di-un-locale-del-litorale-nonostante-i-domiciliari-44enne-arrestato-dai-carabinieri-della-compagnia-di-quartu-santelena-per-evasione\/","title":{"rendered":"Sorpreso nei pressi di un locale del litorale nonostante i domiciliari: 44enne arrestato dai Carabinieri della compagnia di Quartu Sant\u2019Elena per evasione."},"content":{"rendered":"\n<p>Quartu Sant\u2019Elena, 31 Ago 2026 \u2013 \u00a0Nelle prime ore della notte di ieri, i Carabinieri della Stazione temporanea di Flumini di Quartu, nel rispetto dei diritti delle persone coinvolte e della presunzione di innocenza, per quanto risulta allo stato e salvo ulteriori approfondimenti, stante la fase attuale delle indagini preliminari, hanno arrestato in flagranza di reato, un 44enne disoccupato, gi\u00e0 noto alle Forze di Polizia, con l'accusa di evasione.<\/p>\n\n\n\n<p>L'uomo, attualmente sottoposto alla misura cautelare degli arresti domiciliari con applicazione del braccialetto elettronico, \u00e8 stato sorpreso dai carabinieri mentre si trovava nei pressi di un noto locale della zona costiera in evidente violazione delle prescrizioni imposte.<\/p>\n\n\n\n<p>I militari, accertata l'assenza di qualsiasi autorizzazione che potesse giustificare l'allontanamento dall'abitazione, lo hanno immediatamente bloccato e condotto in caserma dove, una volta ricostruita la vicenda e terminate le formalit\u00e0 di rito , l'arrestato \u00e8 stato trattenuto presso le camera di sicurezza, dove rimarr\u00e0 custodito in attesa del giudizio con rito direttissimo programmato per questa mattina davanti al tribunale di Cagliari.<\/p>\n\n\n\n<p>L\u2019operazione s\u2019inserisce nell\u2019ambito delle quotidiane e capillari attivit\u00e0 di prevenzione e controllo del territorio condotte dall\u2019Arma dei Carabinieri, orientate sia alla verifica del rispetto delle misure restrittive disposte dalla Magistratura sia alla vigilanza dei luoghi di maggiore aggregazione, a tutela della sicurezza pubblica.<\/p>\n","protected":false},"excerpt":{"rendered":"<p>Quartu Sant\u2019Elena, 31 Ago 2026 \u2013 \u00a0Nelle prime ore della notte di ieri, i Carabinieri della Stazione temporanea di Flumini di Quartu, nel rispetto dei&#8230;<\/p>\n","protected":false},"author":2,"featured_media":266387,"comment_status":"closed","ping_status":"open","sticky":false,"template":"","format":"standard","meta":[],"categories":[49,55],"tags":[],"_links":{"self":[{"href":"https:\/\/www.cronacaonline.it\/index.php\/wp-json\/wp\/v2\/posts\/275654"}],"collection":[{"href":"https:\/\/www.cronacaonline.it\/index.php\/wp-json\/wp\/v2\/posts"}],"about":[{"href":"https:\/\/www.cronacaonline.it\/index.php\/wp-json\/wp\/v2\/types\/post"}],"author":[{"embeddable":true,"href":"https:\/\/www.cronacaonline.it\/index.php\/wp-json\/wp\/v2\/users\/2"}],"replies":[{"embeddable":true,"href":"https:\/\/www.cronacaonline.it\/index.php\/wp-json\/wp\/v2\/comments?post=275654"}],"version-history":[{"count":1,"href":"https:\/\/www.cronacaonline.it\/index.php\/wp-json\/wp\/v2\/posts\/275654\/revisions"}],"predecessor-version":[{"id":275655,"href":"https:\/\/www.cronacaonline.it\/index.php\/wp-json\/wp\/v2\/posts\/275654\/revisions\/275655"}],"wp:featuredmedia":[{"embeddable":true,"href":"https:\/\/www.cronacaonline.it\/index.php\/wp-json\/wp\/v2\/media\/266387"}],"wp:attachment":[{"href":"https:\/\/www.cronacaonline.it\/index.php\/wp-json\/wp\/v2\/media?parent=275654"}],"wp:term":[{"taxonomy":"category","embeddable":true,"href":"https:\/\/www.cronacaonline.it\/index.php\/wp-json\/wp\/v2\/categories?post=275654"},{"taxonomy":"post_tag","embeddable":true,"href":"https:\/\/www.cronacaonline.it\/index.php\/wp-json\/wp\/v2\/tags?post=275654"}],"curies":[{"name":"wp","href":"https:\/\/api.w.org\/{rel}","templated":true}]}}